
{"id":11344,"date":"2013-04-25T16:52:03","date_gmt":"2013-04-25T15:52:03","guid":{"rendered":"http:\/\/adamczewscy.pl\/?p=4732"},"modified":"2013-04-25T16:52:03","modified_gmt":"2013-04-25T15:52:03","slug":"ekspres-czekoladowy-z-kuchenki-mikrofalowej","status":"publish","type":"post","link":"https:\/\/blog.polityka.pl\/adamczewski\/2013\/04\/25\/ekspres-czekoladowy-z-kuchenki-mikrofalowej\/","title":{"rendered":"Ekspres czekoladowy (z kuchenki mikrofalowej)"},"content":{"rendered":"<p><a href=\"http:\/\/adamczewscy.pl\/wp-content\/uploads\/2013\/04\/Ekspres-czekoladowy1.jpg\"><img loading=\"lazy\" decoding=\"async\" src=\"http:\/\/adamczewscy.pl\/wp-content\/uploads\/2013\/04\/Ekspres-czekoladowy1.jpg\" alt=\"\" title=\"OLYMPUS DIGITAL CAMERA\" width=\"400\" height=\"533\" class=\"alignnone size-full wp-image-4723\" \/><\/a><\/p>\n<p><em>2 jajka, 3 \u0142y\u017cki cukru, 2 p\u0142askie \u0142y\u017cki kakao, 5 \u0142y\u017cek (p\u0142askich!) m\u0105ki,   1\/4  \u0142y\u017ceczki proszku do pieczenia, 3 \u0142y\u017cki oleju, 3 \u0142y\u017cki mleka<\/em><\/p>\n<p>1. Ubi\u0107 mikserem jajka z cukrem, doda\u0107 m\u0105k\u0119 i proszek do pieczenia oraz kakao dok\u0142adnie miksowa\u0107.<br \/>\n2. Wyla\u0107 ciasto na posmarowan\u0105 lekko mas\u0142em  szklan\u0105 lub porcelanow\u0105 form\u0119 do tart. Wstawi\u0107 do kuchenki mikrofalowej i przy najwy\u017cszej mocy piec 5 minut.<br \/>\nGotowe ciasto mo\u017cna przybra\u0107 bit\u0105 \u015bmietan\u0105 lub  pola\u0107 polew\u0105 czekoladowa lub sokiem owocowym.<\/p>\n","protected":false},"excerpt":{"rendered":"<p>2 jajka, 3 \u0142y\u017cki cukru, 2 p\u0142askie \u0142y\u017cki kakao, 5 \u0142y\u017cek (p\u0142askich!) m\u0105ki, 1\/4 \u0142y\u017ceczki proszku do pieczenia, 3 \u0142y\u017cki oleju, 3 \u0142y\u017cki mleka 1. Ubi\u0107 mikserem jajka z cukrem, doda\u0107 m\u0105k\u0119 i proszek do pieczenia oraz kakao dok\u0142adnie miksowa\u0107. 2. Wyla\u0107 ciasto na posmarowan\u0105 lekko mas\u0142em szklan\u0105 lub porcelanow\u0105 form\u0119 do tart. Wstawi\u0107 do [&hellip;]<\/p>\n","protected":false},"author":2,"featured_media":0,"comment_status":"open","ping_status":"open","sticky":false,"template":"","format":"standard","meta":{"footnotes":""},"categories":[1],"tags":[],"_links":{"self":[{"href":"https:\/\/blog.polityka.pl\/adamczewski\/wp-json\/wp\/v2\/posts\/11344"}],"collection":[{"href":"https:\/\/blog.polityka.pl\/adamczewski\/wp-json\/wp\/v2\/posts"}],"about":[{"href":"https:\/\/blog.polityka.pl\/adamczewski\/wp-json\/wp\/v2\/types\/post"}],"author":[{"embeddable":true,"href":"https:\/\/blog.polityka.pl\/adamczewski\/wp-json\/wp\/v2\/users\/2"}],"replies":[{"embeddable":true,"href":"https:\/\/blog.polityka.pl\/adamczewski\/wp-json\/wp\/v2\/comments?post=11344"}],"version-history":[{"count":0,"href":"https:\/\/blog.polityka.pl\/adamczewski\/wp-json\/wp\/v2\/posts\/11344\/revisions"}],"wp:attachment":[{"href":"https:\/\/blog.polityka.pl\/adamczewski\/wp-json\/wp\/v2\/media?parent=11344"}],"wp:term":[{"taxonomy":"category","embeddable":true,"href":"https:\/\/blog.polityka.pl\/adamczewski\/wp-json\/wp\/v2\/categories?post=11344"},{"taxonomy":"post_tag","embeddable":true,"href":"https:\/\/blog.polityka.pl\/adamczewski\/wp-json\/wp\/v2\/tags?post=11344"}],"curies":[{"name":"wp","href":"https:\/\/api.w.org\/{rel}","templated":true}]}}