
{"id":11347,"date":"2013-05-06T10:02:30","date_gmt":"2013-05-06T09:02:30","guid":{"rendered":"http:\/\/adamczewscy.pl\/?p=4754"},"modified":"2013-05-06T10:02:30","modified_gmt":"2013-05-06T09:02:30","slug":"szwedzki-placek-z-gruszkami","status":"publish","type":"post","link":"https:\/\/blog.polityka.pl\/adamczewski\/2013\/05\/06\/szwedzki-placek-z-gruszkami\/","title":{"rendered":"Szwedzki placek z gruszkami"},"content":{"rendered":"<p><em>1,5 szklanki m\u0105ki, 1\/2 szklanki cukru, jajko i \u017c\u00f3\u0142tko, 1\/2 kostki mas\u0142a,1\/2 \u0142y\u017ceczki proszku do pieczenia  cukier waniliowy, s\u00f3l<br \/>\nDo  posmarowania ciasta: ok.1\/2 szklanki konfitury morelowej<br \/>\nNa polew\u0119: ? szklanki \u015bmietany, 3 jaja, 2 \u0142y\u017cki cukru, p\u0142atki migda\u0142owe<br \/>\nDo posmarowania tortownicy: \u0142y\u017ceczka mas\u0142a<\/em><\/p>\n<p>1. Z m\u0105ki, proszku do pieczenia, mas\u0142a jaj i szczypty soli zagnie\u015b\u0107  ciasto, uformowa\u0107 kul\u0119 i w\u0142o\u017cy\u0107 do lod\u00f3wki na godzin\u0119.<br \/>\n2. Wyj\u0119te z lod\u00f3wki ciasto rozwa\u0142kowa\u0107, u\u0142o\u017cy\u0107 w  posmarowanej mas\u0142em tortownicy formuj\u0105c do\u015b\u0107 wysoki brzeg. Podpiec  w nagrzanym do  225 st. C piekarniku przez oko\u0142o 10 minut.<br \/>\n3. Gruszki obra\u0107 i pokroi\u0107 w \u00f3semki. Ciasto posmarowa\u0107 konfitur\u0105 morelow\u0105 i pouk\u0142ada\u0107  \u00f3semki gruszek.<br \/>\n4. Z jaj, \u015bmietany i cukru ubi\u0107  mas\u0119, wy\u0142o\u017cy\u0107 j\u0105 na gruszki, wierzch posypa\u0107 p\u0142atkami migda\u0142owymi.<br \/>\n5. W nagrzanym do 200 st. C piekarniku piec 20 minut.<\/p>\n","protected":false},"excerpt":{"rendered":"<p>1,5 szklanki m\u0105ki, 1\/2 szklanki cukru, jajko i \u017c\u00f3\u0142tko, 1\/2 kostki mas\u0142a,1\/2 \u0142y\u017ceczki proszku do pieczenia cukier waniliowy, s\u00f3l Do posmarowania ciasta: ok.1\/2 szklanki konfitury morelowej Na polew\u0119: ? szklanki \u015bmietany, 3 jaja, 2 \u0142y\u017cki cukru, p\u0142atki migda\u0142owe Do posmarowania tortownicy: \u0142y\u017ceczka mas\u0142a 1. Z m\u0105ki, proszku do pieczenia, mas\u0142a jaj i szczypty soli zagnie\u015b\u0107 [&hellip;]<\/p>\n","protected":false},"author":2,"featured_media":0,"comment_status":"open","ping_status":"open","sticky":false,"template":"","format":"standard","meta":{"footnotes":""},"categories":[1],"tags":[],"_links":{"self":[{"href":"https:\/\/blog.polityka.pl\/adamczewski\/wp-json\/wp\/v2\/posts\/11347"}],"collection":[{"href":"https:\/\/blog.polityka.pl\/adamczewski\/wp-json\/wp\/v2\/posts"}],"about":[{"href":"https:\/\/blog.polityka.pl\/adamczewski\/wp-json\/wp\/v2\/types\/post"}],"author":[{"embeddable":true,"href":"https:\/\/blog.polityka.pl\/adamczewski\/wp-json\/wp\/v2\/users\/2"}],"replies":[{"embeddable":true,"href":"https:\/\/blog.polityka.pl\/adamczewski\/wp-json\/wp\/v2\/comments?post=11347"}],"version-history":[{"count":0,"href":"https:\/\/blog.polityka.pl\/adamczewski\/wp-json\/wp\/v2\/posts\/11347\/revisions"}],"wp:attachment":[{"href":"https:\/\/blog.polityka.pl\/adamczewski\/wp-json\/wp\/v2\/media?parent=11347"}],"wp:term":[{"taxonomy":"category","embeddable":true,"href":"https:\/\/blog.polityka.pl\/adamczewski\/wp-json\/wp\/v2\/categories?post=11347"},{"taxonomy":"post_tag","embeddable":true,"href":"https:\/\/blog.polityka.pl\/adamczewski\/wp-json\/wp\/v2\/tags?post=11347"}],"curies":[{"name":"wp","href":"https:\/\/api.w.org\/{rel}","templated":true}]}}