
{"id":11350,"date":"2013-05-09T15:48:05","date_gmt":"2013-05-09T14:48:05","guid":{"rendered":"http:\/\/adamczewscy.pl\/?p=4762"},"modified":"2013-05-09T15:48:05","modified_gmt":"2013-05-09T14:48:05","slug":"watrobka-cieleca-z-curry","status":"publish","type":"post","link":"https:\/\/blog.polityka.pl\/adamczewski\/2013\/05\/09\/watrobka-cieleca-z-curry\/","title":{"rendered":"W\u0105tr\u00f3bka ciel\u0119ca z curry"},"content":{"rendered":"<p><em>50 dag w\u0105tr\u00f3bki, 6 du\u017cych cebul, 6 z\u0105bk\u00f3w czosnku, 3 p\u0142askie \u0142y\u017ceczki curry, na czubek \u0142y\u017ceczki chili, 2 szklanki mocnego roso\u0142u ciel\u0119cego (mo\u017ce by\u0107 z kostki), 2\/3 szklanki \u015bmietany krem\u00f3wki, s\u00f3l, pieprz, 1\/2 szklanki oleju do sma\u017cenia<\/em><\/p>\n<p>1. W\u0105tr\u00f3bk\u0119 oczy\u015bci\u0107 z \u017cy\u0142ek, pokroi\u0107 na plasterki.<br \/>\n2. 3 cebule pokroi\u0107 w p\u00f3\u0142plasterki, pozosta\u0142e wraz z czosnkiem posieka\u0107 drobno.<br \/>\n3. Na rozgrzanych na patelni kilku \u0142y\u017ckach oleju zrumieni\u0107 p\u00f3\u0142plasterki cebuli, doda\u0107 siekan\u0105 cebul\u0119 i czosnek oraz chili i curry. Sma\u017cy\u0107  3 minuty mieszaj\u0105c, od\u0142o\u017cy\u0107 na talerz.<br \/>\n4. Na patelni\u0119 wla\u0107 troch\u0119 oleju i obsma\u017ca\u0107 w\u0105tr\u00f3bk\u0119 z obu stron na rumiano, podla\u0107 przygotowanym roso\u0142em i dusi\u0107 oko\u0142o 3 minut , na koniec doda\u0107 \u015bmietan\u0119 , wymiesza\u0107 sos,  ju\u017c nie gotowa\u0107.<br \/>\n5. Podawa\u0107 w\u0105tr\u00f3bk\u0119 przybran\u0105 podsma\u017con\u0105 cebula i czosnkiem. Sos mo\u017cna poda\u0107 osobno w sosjerce lub od razu pola\u0107 nim w\u0105tr\u00f3bk\u0119.<\/p>\n","protected":false},"excerpt":{"rendered":"<p>50 dag w\u0105tr\u00f3bki, 6 du\u017cych cebul, 6 z\u0105bk\u00f3w czosnku, 3 p\u0142askie \u0142y\u017ceczki curry, na czubek \u0142y\u017ceczki chili, 2 szklanki mocnego roso\u0142u ciel\u0119cego (mo\u017ce by\u0107 z kostki), 2\/3 szklanki \u015bmietany krem\u00f3wki, s\u00f3l, pieprz, 1\/2 szklanki oleju do sma\u017cenia 1. W\u0105tr\u00f3bk\u0119 oczy\u015bci\u0107 z \u017cy\u0142ek, pokroi\u0107 na plasterki. 2. 3 cebule pokroi\u0107 w p\u00f3\u0142plasterki, pozosta\u0142e wraz z czosnkiem [&hellip;]<\/p>\n","protected":false},"author":2,"featured_media":0,"comment_status":"open","ping_status":"open","sticky":false,"template":"","format":"standard","meta":{"footnotes":""},"categories":[1],"tags":[],"_links":{"self":[{"href":"https:\/\/blog.polityka.pl\/adamczewski\/wp-json\/wp\/v2\/posts\/11350"}],"collection":[{"href":"https:\/\/blog.polityka.pl\/adamczewski\/wp-json\/wp\/v2\/posts"}],"about":[{"href":"https:\/\/blog.polityka.pl\/adamczewski\/wp-json\/wp\/v2\/types\/post"}],"author":[{"embeddable":true,"href":"https:\/\/blog.polityka.pl\/adamczewski\/wp-json\/wp\/v2\/users\/2"}],"replies":[{"embeddable":true,"href":"https:\/\/blog.polityka.pl\/adamczewski\/wp-json\/wp\/v2\/comments?post=11350"}],"version-history":[{"count":0,"href":"https:\/\/blog.polityka.pl\/adamczewski\/wp-json\/wp\/v2\/posts\/11350\/revisions"}],"wp:attachment":[{"href":"https:\/\/blog.polityka.pl\/adamczewski\/wp-json\/wp\/v2\/media?parent=11350"}],"wp:term":[{"taxonomy":"category","embeddable":true,"href":"https:\/\/blog.polityka.pl\/adamczewski\/wp-json\/wp\/v2\/categories?post=11350"},{"taxonomy":"post_tag","embeddable":true,"href":"https:\/\/blog.polityka.pl\/adamczewski\/wp-json\/wp\/v2\/tags?post=11350"}],"curies":[{"name":"wp","href":"https:\/\/api.w.org\/{rel}","templated":true}]}}