
{"id":11352,"date":"2013-05-09T16:27:42","date_gmt":"2013-05-09T15:27:42","guid":{"rendered":"http:\/\/adamczewscy.pl\/?p=4767"},"modified":"2013-05-09T16:27:42","modified_gmt":"2013-05-09T15:27:42","slug":"ptysie-z-kremem-angielskim","status":"publish","type":"post","link":"https:\/\/blog.polityka.pl\/adamczewski\/2013\/05\/09\/ptysie-z-kremem-angielskim\/","title":{"rendered":"Ptysie z kremem angielskim"},"content":{"rendered":"<p><em>12 &#8211; 14 ma\u0142ych  ptysi\u00f3w upieczonych wed\u0142ug przepisu na ptysie ze \u015bmietan\u0105<br \/>\nNa krem angielski: szklanka mleka, 3 \u017c\u00f3\u0142tka, p\u00f3\u0142 szklanki cukru, kawa\u0142ek laski wanilii, \u0142y\u017ceczka z ma\u0142ym czubkiem m\u0105ki<br \/>\nDo posypania ptysi\u00f3w: 2 \u0142y\u017cki cukru pudru<\/em><\/p>\n<p>1. M\u0105k\u0119 rozprowadzi\u0107 w kilku \u0142y\u017ckach zimnego mleka.<br \/>\n2. Pozosta\u0142e mleko zagotowa\u0107 z wanili\u0105, wla\u0107 do niego zimne mleko z m\u0105k\u0105 i mieszaj\u0105c zagotowa\u0107.<br \/>\n3. Utrze\u0107  \u017c\u00f3\u0142tka z cukrem i energicznie mieszaj\u0105c doda\u0107 gor\u0105ce mleko z m\u0105k\u0105. Mieszaj\u0105c podgrzewa\u0107,  a\u017c masa zg\u0119stnieje. Ostudzi\u0107 krem.<br \/>\n4. Do przekrawanych ptysi\u00f3w nak\u0142ada\u0107  po trochu kremu, po wierzchu posypa\u0107  przez sitko cukrem pudrem.<\/p>\n","protected":false},"excerpt":{"rendered":"<p>12 &#8211; 14 ma\u0142ych ptysi\u00f3w upieczonych wed\u0142ug przepisu na ptysie ze \u015bmietan\u0105 Na krem angielski: szklanka mleka, 3 \u017c\u00f3\u0142tka, p\u00f3\u0142 szklanki cukru, kawa\u0142ek laski wanilii, \u0142y\u017ceczka z ma\u0142ym czubkiem m\u0105ki Do posypania ptysi\u00f3w: 2 \u0142y\u017cki cukru pudru 1. M\u0105k\u0119 rozprowadzi\u0107 w kilku \u0142y\u017ckach zimnego mleka. 2. Pozosta\u0142e mleko zagotowa\u0107 z wanili\u0105, wla\u0107 do niego zimne [&hellip;]<\/p>\n","protected":false},"author":2,"featured_media":0,"comment_status":"open","ping_status":"open","sticky":false,"template":"","format":"standard","meta":{"footnotes":""},"categories":[1],"tags":[],"_links":{"self":[{"href":"https:\/\/blog.polityka.pl\/adamczewski\/wp-json\/wp\/v2\/posts\/11352"}],"collection":[{"href":"https:\/\/blog.polityka.pl\/adamczewski\/wp-json\/wp\/v2\/posts"}],"about":[{"href":"https:\/\/blog.polityka.pl\/adamczewski\/wp-json\/wp\/v2\/types\/post"}],"author":[{"embeddable":true,"href":"https:\/\/blog.polityka.pl\/adamczewski\/wp-json\/wp\/v2\/users\/2"}],"replies":[{"embeddable":true,"href":"https:\/\/blog.polityka.pl\/adamczewski\/wp-json\/wp\/v2\/comments?post=11352"}],"version-history":[{"count":0,"href":"https:\/\/blog.polityka.pl\/adamczewski\/wp-json\/wp\/v2\/posts\/11352\/revisions"}],"wp:attachment":[{"href":"https:\/\/blog.polityka.pl\/adamczewski\/wp-json\/wp\/v2\/media?parent=11352"}],"wp:term":[{"taxonomy":"category","embeddable":true,"href":"https:\/\/blog.polityka.pl\/adamczewski\/wp-json\/wp\/v2\/categories?post=11352"},{"taxonomy":"post_tag","embeddable":true,"href":"https:\/\/blog.polityka.pl\/adamczewski\/wp-json\/wp\/v2\/tags?post=11352"}],"curies":[{"name":"wp","href":"https:\/\/api.w.org\/{rel}","templated":true}]}}