
{"id":11353,"date":"2013-05-09T16:28:14","date_gmt":"2013-05-09T15:28:14","guid":{"rendered":"http:\/\/adamczewscy.pl\/?p=4769"},"modified":"2013-05-09T16:28:14","modified_gmt":"2013-05-09T15:28:14","slug":"poledwiczki-z-rozmarynem","status":"publish","type":"post","link":"https:\/\/blog.polityka.pl\/adamczewski\/2013\/05\/09\/poledwiczki-z-rozmarynem\/","title":{"rendered":"Pol\u0119dwiczki z rozmarynem"},"content":{"rendered":"<p><em>1 kg pol\u0119dwiczek, szklanka czerwonego wina,6 z\u0105bk\u00f3w czosnku, spora szczypta zi\u00f3\u0142 prowansalskich, s\u00f3l, pieprz, 2 spore ga\u0142\u0105zki \u015bwie\u017cego rozmarynu, 3 \u0142y\u017cki oleju, 3 \u0142y\u017cki mas\u0142a<\/em><\/p>\n<p>1. Pol\u0119dwiczki pokrojone w grube, dwucentymetrowe  plastry, u\u0142o\u017cy\u0107 na g\u0142\u0119bokim p\u00f3\u0142misku. Posypa\u0107 pieprzem i sol\u0105.<br \/>\n2. Wino wymiesza\u0107 z przeci\u015bni\u0119tym przez prask\u0119 czosnkiem zio\u0142ami prowansalskimi i igie\u0142kami z jednej ga\u0142\u0105zki rozmarynu.<br \/>\n3. Zala\u0107  marynat\u0105 plastry pol\u0119dwicy, okry\u0107 p\u00f3\u0142misek foli\u0105 do \u017cywno\u015bci i wstawi\u0107 na noc do lod\u00f3wki.<br \/>\n4. Nast\u0119pnego dnia wyj\u0119te z marynaty mi\u0119so obsma\u017cy\u0107 na oleju z obu stron, prze\u0142o\u017cy\u0107 do brytfanny, doda\u0107 ga\u0142\u0105zk\u0119 rozmarynu, mas\u0142o, pozosta\u0142\u0105 marynat\u0119, dusi\u0107 w piekarniku oko\u0142o 30 minut, w razie potrzeby dolewaj\u0105c po trochu wody.<\/p>\n","protected":false},"excerpt":{"rendered":"<p>1 kg pol\u0119dwiczek, szklanka czerwonego wina,6 z\u0105bk\u00f3w czosnku, spora szczypta zi\u00f3\u0142 prowansalskich, s\u00f3l, pieprz, 2 spore ga\u0142\u0105zki \u015bwie\u017cego rozmarynu, 3 \u0142y\u017cki oleju, 3 \u0142y\u017cki mas\u0142a 1. Pol\u0119dwiczki pokrojone w grube, dwucentymetrowe plastry, u\u0142o\u017cy\u0107 na g\u0142\u0119bokim p\u00f3\u0142misku. Posypa\u0107 pieprzem i sol\u0105. 2. Wino wymiesza\u0107 z przeci\u015bni\u0119tym przez prask\u0119 czosnkiem zio\u0142ami prowansalskimi i igie\u0142kami z jednej ga\u0142\u0105zki [&hellip;]<\/p>\n","protected":false},"author":2,"featured_media":0,"comment_status":"open","ping_status":"open","sticky":false,"template":"","format":"standard","meta":{"footnotes":""},"categories":[1],"tags":[],"_links":{"self":[{"href":"https:\/\/blog.polityka.pl\/adamczewski\/wp-json\/wp\/v2\/posts\/11353"}],"collection":[{"href":"https:\/\/blog.polityka.pl\/adamczewski\/wp-json\/wp\/v2\/posts"}],"about":[{"href":"https:\/\/blog.polityka.pl\/adamczewski\/wp-json\/wp\/v2\/types\/post"}],"author":[{"embeddable":true,"href":"https:\/\/blog.polityka.pl\/adamczewski\/wp-json\/wp\/v2\/users\/2"}],"replies":[{"embeddable":true,"href":"https:\/\/blog.polityka.pl\/adamczewski\/wp-json\/wp\/v2\/comments?post=11353"}],"version-history":[{"count":0,"href":"https:\/\/blog.polityka.pl\/adamczewski\/wp-json\/wp\/v2\/posts\/11353\/revisions"}],"wp:attachment":[{"href":"https:\/\/blog.polityka.pl\/adamczewski\/wp-json\/wp\/v2\/media?parent=11353"}],"wp:term":[{"taxonomy":"category","embeddable":true,"href":"https:\/\/blog.polityka.pl\/adamczewski\/wp-json\/wp\/v2\/categories?post=11353"},{"taxonomy":"post_tag","embeddable":true,"href":"https:\/\/blog.polityka.pl\/adamczewski\/wp-json\/wp\/v2\/tags?post=11353"}],"curies":[{"name":"wp","href":"https:\/\/api.w.org\/{rel}","templated":true}]}}