
{"id":11356,"date":"2013-05-17T06:03:25","date_gmt":"2013-05-17T05:03:25","guid":{"rendered":"http:\/\/adamczewscy.pl\/?p=4787"},"modified":"2013-05-17T06:03:25","modified_gmt":"2013-05-17T05:03:25","slug":"szparagi-z-rumiana-buleczka","status":"publish","type":"post","link":"https:\/\/blog.polityka.pl\/adamczewski\/2013\/05\/17\/szparagi-z-rumiana-buleczka\/","title":{"rendered":"Szparagi z rumian\u0105 bu\u0142eczk\u0105"},"content":{"rendered":"<p><a href=\"http:\/\/adamczewscy.pl\/wp-content\/uploads\/2013\/05\/Szparagi.jpg\"><img loading=\"lazy\" decoding=\"async\" src=\"http:\/\/adamczewscy.pl\/wp-content\/uploads\/2013\/05\/Szparagi.jpg\" alt=\"\" title=\"OLYMPUS DIGITAL CAMERA\" width=\"400\" height=\"300\" class=\"alignnone size-full wp-image-4789\" \/><\/a><\/p>\n<p><em>P\u0119czek szparag\u00f3w, kopiasta \u0142y\u017cka klarowanego mas\u0142a, 2 \u0142y\u017cki tartej bu\u0142ki, s\u00f3l, cukier<\/em><\/p>\n<p>1. Szaragi obra\u0107 z twardej sk\u00f3rki przy pomocy no\u017cyka do obierania warzyw (nie obiera\u0107 czubka, kt\u00f3ry jest bardzo delikatny!).<br \/>\n2. Zagotowa\u0107 w szerokim garnku lub w specjalnym garnku do gotowania szparag\u00f3w (z wk\u0142adk\u0105) 2 &#8211; 3 litry wody osolonej i os\u0142odzonej. W\u0142o\u017cy\u0107 szparagi. W garnku z wk\u0142adk\u0105 umieszcza si\u0119 szparagi w ten spos\u00f3b, aby czubki skierowane by\u0142y ku g\u00f3rze a tylko twardsze ko\u0144ce zanurzone by\u0142y w wodzie. Gotowa\u0107 15 &#8211; 20 minut.<br \/>\n3. Szparagi odcedzi\u0107, u\u0142o\u017cy\u0107 na p\u00f3\u0142misku.<br \/>\n4. Mas\u0142o rozpu\u015bci\u0107, kiedy si\u0119 rozgrzeje doda\u0107 tart\u0105 bu\u0142k\u0119 i lekko zrumieni\u0107. Pola\u0107 czubki szparag\u00f3w. Podawa\u0107 na gor\u0105co. <\/p>\n","protected":false},"excerpt":{"rendered":"<p>P\u0119czek szparag\u00f3w, kopiasta \u0142y\u017cka klarowanego mas\u0142a, 2 \u0142y\u017cki tartej bu\u0142ki, s\u00f3l, cukier 1. Szaragi obra\u0107 z twardej sk\u00f3rki przy pomocy no\u017cyka do obierania warzyw (nie obiera\u0107 czubka, kt\u00f3ry jest bardzo delikatny!). 2. Zagotowa\u0107 w szerokim garnku lub w specjalnym garnku do gotowania szparag\u00f3w (z wk\u0142adk\u0105) 2 &#8211; 3 litry wody osolonej i os\u0142odzonej. W\u0142o\u017cy\u0107 szparagi. [&hellip;]<\/p>\n","protected":false},"author":2,"featured_media":0,"comment_status":"open","ping_status":"open","sticky":false,"template":"","format":"standard","meta":{"footnotes":""},"categories":[1],"tags":[],"_links":{"self":[{"href":"https:\/\/blog.polityka.pl\/adamczewski\/wp-json\/wp\/v2\/posts\/11356"}],"collection":[{"href":"https:\/\/blog.polityka.pl\/adamczewski\/wp-json\/wp\/v2\/posts"}],"about":[{"href":"https:\/\/blog.polityka.pl\/adamczewski\/wp-json\/wp\/v2\/types\/post"}],"author":[{"embeddable":true,"href":"https:\/\/blog.polityka.pl\/adamczewski\/wp-json\/wp\/v2\/users\/2"}],"replies":[{"embeddable":true,"href":"https:\/\/blog.polityka.pl\/adamczewski\/wp-json\/wp\/v2\/comments?post=11356"}],"version-history":[{"count":0,"href":"https:\/\/blog.polityka.pl\/adamczewski\/wp-json\/wp\/v2\/posts\/11356\/revisions"}],"wp:attachment":[{"href":"https:\/\/blog.polityka.pl\/adamczewski\/wp-json\/wp\/v2\/media?parent=11356"}],"wp:term":[{"taxonomy":"category","embeddable":true,"href":"https:\/\/blog.polityka.pl\/adamczewski\/wp-json\/wp\/v2\/categories?post=11356"},{"taxonomy":"post_tag","embeddable":true,"href":"https:\/\/blog.polityka.pl\/adamczewski\/wp-json\/wp\/v2\/tags?post=11356"}],"curies":[{"name":"wp","href":"https:\/\/api.w.org\/{rel}","templated":true}]}}