
{"id":11358,"date":"2013-05-17T06:07:15","date_gmt":"2013-05-17T05:07:15","guid":{"rendered":"http:\/\/adamczewscy.pl\/?p=4793"},"modified":"2013-05-17T06:07:15","modified_gmt":"2013-05-17T05:07:15","slug":"surowka-z-pora","status":"publish","type":"post","link":"https:\/\/blog.polityka.pl\/adamczewski\/2013\/05\/17\/surowka-z-pora\/","title":{"rendered":"Sur\u00f3wka z pora"},"content":{"rendered":"<p><em>Bia\u0142a cz\u0119\u015b\u0107 du\u017cego pora, 2 du\u017ce winne jab\u0142ka, 3 kiszone og\u00f3rki, 4 \u0142y\u017cki majonezu, s\u00f3l, sok cytrynowy<\/em><\/p>\n<p>1. Oczy\u015bci\u0107 pora: odkroi\u0107 bia\u0142\u0105 cz\u0119\u015b\u0107, przekroi\u0107 na po\u0142\u00f3wki i pokroi\u0107 na cienkie paseczki. Skropi\u0107 sokiem cytrynowym i posoli\u0107.<br \/>\n2. Obra\u0107 jab\u0142ka, usun\u0105\u0107 gniazda nasienne i wraz z obranymi ze sk\u00f3rki og\u00f3rkami kiszonymi zetrze\u0107 na grubej jarzynowej tarce<br \/>\n3. Wymiesza\u0107 pora z jab\u0142kami i og\u00f3rkami oraz majonezem. <\/p>\n","protected":false},"excerpt":{"rendered":"<p>Bia\u0142a cz\u0119\u015b\u0107 du\u017cego pora, 2 du\u017ce winne jab\u0142ka, 3 kiszone og\u00f3rki, 4 \u0142y\u017cki majonezu, s\u00f3l, sok cytrynowy 1. Oczy\u015bci\u0107 pora: odkroi\u0107 bia\u0142\u0105 cz\u0119\u015b\u0107, przekroi\u0107 na po\u0142\u00f3wki i pokroi\u0107 na cienkie paseczki. Skropi\u0107 sokiem cytrynowym i posoli\u0107. 2. Obra\u0107 jab\u0142ka, usun\u0105\u0107 gniazda nasienne i wraz z obranymi ze sk\u00f3rki og\u00f3rkami kiszonymi zetrze\u0107 na grubej jarzynowej tarce [&hellip;]<\/p>\n","protected":false},"author":2,"featured_media":0,"comment_status":"open","ping_status":"open","sticky":false,"template":"","format":"standard","meta":{"footnotes":""},"categories":[1],"tags":[],"_links":{"self":[{"href":"https:\/\/blog.polityka.pl\/adamczewski\/wp-json\/wp\/v2\/posts\/11358"}],"collection":[{"href":"https:\/\/blog.polityka.pl\/adamczewski\/wp-json\/wp\/v2\/posts"}],"about":[{"href":"https:\/\/blog.polityka.pl\/adamczewski\/wp-json\/wp\/v2\/types\/post"}],"author":[{"embeddable":true,"href":"https:\/\/blog.polityka.pl\/adamczewski\/wp-json\/wp\/v2\/users\/2"}],"replies":[{"embeddable":true,"href":"https:\/\/blog.polityka.pl\/adamczewski\/wp-json\/wp\/v2\/comments?post=11358"}],"version-history":[{"count":0,"href":"https:\/\/blog.polityka.pl\/adamczewski\/wp-json\/wp\/v2\/posts\/11358\/revisions"}],"wp:attachment":[{"href":"https:\/\/blog.polityka.pl\/adamczewski\/wp-json\/wp\/v2\/media?parent=11358"}],"wp:term":[{"taxonomy":"category","embeddable":true,"href":"https:\/\/blog.polityka.pl\/adamczewski\/wp-json\/wp\/v2\/categories?post=11358"},{"taxonomy":"post_tag","embeddable":true,"href":"https:\/\/blog.polityka.pl\/adamczewski\/wp-json\/wp\/v2\/tags?post=11358"}],"curies":[{"name":"wp","href":"https:\/\/api.w.org\/{rel}","templated":true}]}}