
{"id":11361,"date":"2013-05-24T08:33:24","date_gmt":"2013-05-24T07:33:24","guid":{"rendered":"http:\/\/adamczewscy.pl\/?p=4803"},"modified":"2013-05-24T08:33:24","modified_gmt":"2013-05-24T07:33:24","slug":"blyskawiczne-babki-z-musem-owocowym","status":"publish","type":"post","link":"https:\/\/blog.polityka.pl\/adamczewski\/2013\/05\/24\/blyskawiczne-babki-z-musem-owocowym\/","title":{"rendered":"B\u0142yskawiczne babki z musem owocowym"},"content":{"rendered":"<p><em>2 szklanki m\u0105ki, kostka mas\u0142a, 6 \u0142y\u017cek cukru, cukier waniliowy, 2 jajka, 4 \u0142y\u017cki mleka, 2 \u0142y\u017ceczki proszku do pieczenia, szczypta soli, szklanka zmiksowanych mi\u0119kkich owoc\u00f3w (truskawek, malin, poziomek)<br \/>\nDo posmarowania foremek na babki: \u0142y\u017cka mas\u0142a<\/em><\/p>\n<p>1. Mas\u0142o miksowa\u0107 z cukrem i cukrem waniliowym dodaj\u0105c kolejno jajka, s\u00f3l i mleko.<br \/>\n2. Do utartej masy doda\u0107 przesian\u0105 z proszkiem do pieczenia  m\u0105k\u0119, wymiesza\u0107 ,je\u015bli ciasto jest bardzo g\u0119ste mo\u017cna wla\u0107 jeszcze \u0142y\u017ck\u0119 lub 2 mleka.<br \/>\n3. Do wysmarowanych mas\u0142em foremek do babeczek wy\u0142o\u017cy\u0107 po trochu ciasta i piec w nagrzanym do 180 st. C  piekarniku  oko\u0142o 20 minut.<br \/>\n4.Wyj\u0119te z piekarnika, ostudzone i wyj\u0119te w foremek babeczki pola\u0107 g\u0119stym owocowym musem.<\/p>\n","protected":false},"excerpt":{"rendered":"<p>2 szklanki m\u0105ki, kostka mas\u0142a, 6 \u0142y\u017cek cukru, cukier waniliowy, 2 jajka, 4 \u0142y\u017cki mleka, 2 \u0142y\u017ceczki proszku do pieczenia, szczypta soli, szklanka zmiksowanych mi\u0119kkich owoc\u00f3w (truskawek, malin, poziomek) Do posmarowania foremek na babki: \u0142y\u017cka mas\u0142a 1. Mas\u0142o miksowa\u0107 z cukrem i cukrem waniliowym dodaj\u0105c kolejno jajka, s\u00f3l i mleko. 2. Do utartej masy doda\u0107 [&hellip;]<\/p>\n","protected":false},"author":2,"featured_media":0,"comment_status":"open","ping_status":"open","sticky":false,"template":"","format":"standard","meta":{"footnotes":""},"categories":[1],"tags":[],"_links":{"self":[{"href":"https:\/\/blog.polityka.pl\/adamczewski\/wp-json\/wp\/v2\/posts\/11361"}],"collection":[{"href":"https:\/\/blog.polityka.pl\/adamczewski\/wp-json\/wp\/v2\/posts"}],"about":[{"href":"https:\/\/blog.polityka.pl\/adamczewski\/wp-json\/wp\/v2\/types\/post"}],"author":[{"embeddable":true,"href":"https:\/\/blog.polityka.pl\/adamczewski\/wp-json\/wp\/v2\/users\/2"}],"replies":[{"embeddable":true,"href":"https:\/\/blog.polityka.pl\/adamczewski\/wp-json\/wp\/v2\/comments?post=11361"}],"version-history":[{"count":0,"href":"https:\/\/blog.polityka.pl\/adamczewski\/wp-json\/wp\/v2\/posts\/11361\/revisions"}],"wp:attachment":[{"href":"https:\/\/blog.polityka.pl\/adamczewski\/wp-json\/wp\/v2\/media?parent=11361"}],"wp:term":[{"taxonomy":"category","embeddable":true,"href":"https:\/\/blog.polityka.pl\/adamczewski\/wp-json\/wp\/v2\/categories?post=11361"},{"taxonomy":"post_tag","embeddable":true,"href":"https:\/\/blog.polityka.pl\/adamczewski\/wp-json\/wp\/v2\/tags?post=11361"}],"curies":[{"name":"wp","href":"https:\/\/api.w.org\/{rel}","templated":true}]}}