
{"id":11362,"date":"2013-05-24T08:35:19","date_gmt":"2013-05-24T07:35:19","guid":{"rendered":"http:\/\/adamczewscy.pl\/?p=4806"},"modified":"2013-05-24T08:35:19","modified_gmt":"2013-05-24T07:35:19","slug":"kurczak-z-warzywami","status":"publish","type":"post","link":"https:\/\/blog.polityka.pl\/adamczewski\/2013\/05\/24\/kurczak-z-warzywami\/","title":{"rendered":"Kurczak z warzywami"},"content":{"rendered":"<p><em>50 dag piersi z kurczaka, cebula, marchew i pietruszka, spora szczypta granulowanego czosnku, 3 \u0142y\u017cki oliwy z oliwek, \u0142y\u017ceczka \u0142agodnej przyprawy curry w proszku, po p\u00f3\u0142 \u0142y\u017ceczki suszonych zi\u00f3\u0142: bazylii i oregano, na czubek \u0142y\u017ceczki mielonej ostrej papryki<\/em><\/p>\n<p>1. Mi\u0119so umy\u0107, osuszy\u0107 kuchennym papierowym r\u0119cznikiem, pokroi\u0107 w du\u017c\u0105 kostk\u0119. Marchew i pietruszk\u0119 pokroi\u0107 w paski mniejsze od frytek, cebul\u0119 pokroi\u0107 w kostk\u0119.<br \/>\n2. Przygotowa\u0107 marynat\u0119: wymiesza\u0107 oliw\u0119 z zio\u0142ami, curry  i ostr\u0105 papryk\u0105, granulowanym czosnkiem.<br \/>\n3. Wymiesza\u0107 pokrojone mi\u0119so i warzywa z przygotowan\u0105 marynat\u0105, odstawi\u0107 do lod\u00f3wki na godzin\u0119.<br \/>\n4. Po tym czasie prze\u0142o\u017cy\u0107 potraw\u0119 do \u017caroodpornego naczynia i w nagrzanym do 180 st. C piekarniku piec co najmniej 30 minut.<br \/>\nPotraw\u0119 t\u0119 podawa\u0107 z ry\u017cem ugotowanym na sypko.<\/p>\n","protected":false},"excerpt":{"rendered":"<p>50 dag piersi z kurczaka, cebula, marchew i pietruszka, spora szczypta granulowanego czosnku, 3 \u0142y\u017cki oliwy z oliwek, \u0142y\u017ceczka \u0142agodnej przyprawy curry w proszku, po p\u00f3\u0142 \u0142y\u017ceczki suszonych zi\u00f3\u0142: bazylii i oregano, na czubek \u0142y\u017ceczki mielonej ostrej papryki 1. Mi\u0119so umy\u0107, osuszy\u0107 kuchennym papierowym r\u0119cznikiem, pokroi\u0107 w du\u017c\u0105 kostk\u0119. Marchew i pietruszk\u0119 pokroi\u0107 w paski [&hellip;]<\/p>\n","protected":false},"author":2,"featured_media":0,"comment_status":"open","ping_status":"open","sticky":false,"template":"","format":"standard","meta":{"footnotes":""},"categories":[1],"tags":[],"_links":{"self":[{"href":"https:\/\/blog.polityka.pl\/adamczewski\/wp-json\/wp\/v2\/posts\/11362"}],"collection":[{"href":"https:\/\/blog.polityka.pl\/adamczewski\/wp-json\/wp\/v2\/posts"}],"about":[{"href":"https:\/\/blog.polityka.pl\/adamczewski\/wp-json\/wp\/v2\/types\/post"}],"author":[{"embeddable":true,"href":"https:\/\/blog.polityka.pl\/adamczewski\/wp-json\/wp\/v2\/users\/2"}],"replies":[{"embeddable":true,"href":"https:\/\/blog.polityka.pl\/adamczewski\/wp-json\/wp\/v2\/comments?post=11362"}],"version-history":[{"count":0,"href":"https:\/\/blog.polityka.pl\/adamczewski\/wp-json\/wp\/v2\/posts\/11362\/revisions"}],"wp:attachment":[{"href":"https:\/\/blog.polityka.pl\/adamczewski\/wp-json\/wp\/v2\/media?parent=11362"}],"wp:term":[{"taxonomy":"category","embeddable":true,"href":"https:\/\/blog.polityka.pl\/adamczewski\/wp-json\/wp\/v2\/categories?post=11362"},{"taxonomy":"post_tag","embeddable":true,"href":"https:\/\/blog.polityka.pl\/adamczewski\/wp-json\/wp\/v2\/tags?post=11362"}],"curies":[{"name":"wp","href":"https:\/\/api.w.org\/{rel}","templated":true}]}}