
{"id":11363,"date":"2013-05-24T08:36:35","date_gmt":"2013-05-24T07:36:35","guid":{"rendered":"http:\/\/adamczewscy.pl\/?p=4808"},"modified":"2013-05-24T08:36:35","modified_gmt":"2013-05-24T07:36:35","slug":"risotto-z-pieczarkami","status":"publish","type":"post","link":"https:\/\/blog.polityka.pl\/adamczewski\/2013\/05\/24\/risotto-z-pieczarkami\/","title":{"rendered":"Risotto z pieczarkami"},"content":{"rendered":"<p><em>Niepe\u0142na szklanka ry\u017cu, 1 kg pieczarek, kawa\u0142eczek papryczki chili, 2 \u0142y\u017cki mascarpone,  \u0142y\u017ceczka suszonej bazylii lub pietruszki, z\u0105bek czosnku, s\u00f3l, pieprz, szklanka bulionu grzybowego z kostki, 2 &#8211; 3 \u0142y\u017cki oliwy<\/em><\/p>\n<p>1. Pieczarki umy\u0107, os\u0105czy\u0107, pokroi\u0107 w plasterki, podsma\u017cy\u0107 na patelni z \u0142y\u017ck\u0105 oliwy.<br \/>\n2. Na drugiej patelni rozgrza\u0107 pozosta\u0142\u0105 oliw\u0119, zeszkli\u0107 posiekany czosnek, doda\u0107 papryczk\u0119 chili i suchy ry\u017c. Mieszaj\u0105c podgrzewa\u0107, a\u017c ry\u017c ca\u0142y pokryje si\u0119 oliw\u0105, wtedy dolewa\u0107 po trochu bulion grzybowy a\u017c do jego wyczerpania. Gotowa\u0107 w ten spos\u00f3b ry\u017c oko\u0142o 15 minut.<br \/>\n3. Po\u0142\u0105czy\u0107  ry\u017c z podsma\u017conymi pieczarkami, wymiesza\u0107, doprawi\u0107 sol\u0105 i pieprzem, na koniec doda\u0107 serek mascarpone, jeszcze raz wymiesza\u0107  i podawa\u0107.<\/p>\n","protected":false},"excerpt":{"rendered":"<p>Niepe\u0142na szklanka ry\u017cu, 1 kg pieczarek, kawa\u0142eczek papryczki chili, 2 \u0142y\u017cki mascarpone, \u0142y\u017ceczka suszonej bazylii lub pietruszki, z\u0105bek czosnku, s\u00f3l, pieprz, szklanka bulionu grzybowego z kostki, 2 &#8211; 3 \u0142y\u017cki oliwy 1. Pieczarki umy\u0107, os\u0105czy\u0107, pokroi\u0107 w plasterki, podsma\u017cy\u0107 na patelni z \u0142y\u017ck\u0105 oliwy. 2. Na drugiej patelni rozgrza\u0107 pozosta\u0142\u0105 oliw\u0119, zeszkli\u0107 posiekany czosnek, doda\u0107 [&hellip;]<\/p>\n","protected":false},"author":2,"featured_media":0,"comment_status":"open","ping_status":"open","sticky":false,"template":"","format":"standard","meta":{"footnotes":""},"categories":[1],"tags":[],"_links":{"self":[{"href":"https:\/\/blog.polityka.pl\/adamczewski\/wp-json\/wp\/v2\/posts\/11363"}],"collection":[{"href":"https:\/\/blog.polityka.pl\/adamczewski\/wp-json\/wp\/v2\/posts"}],"about":[{"href":"https:\/\/blog.polityka.pl\/adamczewski\/wp-json\/wp\/v2\/types\/post"}],"author":[{"embeddable":true,"href":"https:\/\/blog.polityka.pl\/adamczewski\/wp-json\/wp\/v2\/users\/2"}],"replies":[{"embeddable":true,"href":"https:\/\/blog.polityka.pl\/adamczewski\/wp-json\/wp\/v2\/comments?post=11363"}],"version-history":[{"count":0,"href":"https:\/\/blog.polityka.pl\/adamczewski\/wp-json\/wp\/v2\/posts\/11363\/revisions"}],"wp:attachment":[{"href":"https:\/\/blog.polityka.pl\/adamczewski\/wp-json\/wp\/v2\/media?parent=11363"}],"wp:term":[{"taxonomy":"category","embeddable":true,"href":"https:\/\/blog.polityka.pl\/adamczewski\/wp-json\/wp\/v2\/categories?post=11363"},{"taxonomy":"post_tag","embeddable":true,"href":"https:\/\/blog.polityka.pl\/adamczewski\/wp-json\/wp\/v2\/tags?post=11363"}],"curies":[{"name":"wp","href":"https:\/\/api.w.org\/{rel}","templated":true}]}}