
{"id":11365,"date":"2013-05-24T08:39:23","date_gmt":"2013-05-24T07:39:23","guid":{"rendered":"http:\/\/adamczewscy.pl\/?p=4812"},"modified":"2013-05-24T08:39:23","modified_gmt":"2013-05-24T07:39:23","slug":"zielona-surowka-2","status":"publish","type":"post","link":"https:\/\/blog.polityka.pl\/adamczewski\/2013\/05\/24\/zielona-surowka-2\/","title":{"rendered":"Zielona sur\u00f3wka"},"content":{"rendered":"<p><em>Po\u0142\u00f3wka m\u0142odej bia\u0142ej kapusty, niedu\u017cy og\u00f3rek, 3 kopiaste \u0142y\u017cki siekanego koperku<br \/>\nNa sos: \u0142y\u017cka bia\u0142ego octu winnego, \u0142y\u017cka soku cytrynowego, 2 p\u0142askie \u0142y\u017cki cukru, 3 \u0142y\u017cki oliwy, s\u00f3l, pieprz<\/em><\/p>\n<p>1.Poszatkowa\u0107 kapust\u0119 bardzo drobno, og\u00f3rka wraz ze sk\u00f3rk\u0105 pokroi\u0107 w p\u00f3\u0142plasterki, doda\u0107 koperek. Wymiesza\u0107.<br \/>\n2.Sk\u0142adniki sosu dok\u0142adnie wymiesza\u0107, pola\u0107 nim sur\u00f3wk\u0119 i jeszcze raz wymiesza\u0107.<br \/>\nNajlepiej na kwadrans wstawi\u0107 do lod\u00f3wki.<\/p>\n","protected":false},"excerpt":{"rendered":"<p>Po\u0142\u00f3wka m\u0142odej bia\u0142ej kapusty, niedu\u017cy og\u00f3rek, 3 kopiaste \u0142y\u017cki siekanego koperku Na sos: \u0142y\u017cka bia\u0142ego octu winnego, \u0142y\u017cka soku cytrynowego, 2 p\u0142askie \u0142y\u017cki cukru, 3 \u0142y\u017cki oliwy, s\u00f3l, pieprz 1.Poszatkowa\u0107 kapust\u0119 bardzo drobno, og\u00f3rka wraz ze sk\u00f3rk\u0105 pokroi\u0107 w p\u00f3\u0142plasterki, doda\u0107 koperek. Wymiesza\u0107. 2.Sk\u0142adniki sosu dok\u0142adnie wymiesza\u0107, pola\u0107 nim sur\u00f3wk\u0119 i jeszcze raz wymiesza\u0107. Najlepiej [&hellip;]<\/p>\n","protected":false},"author":2,"featured_media":0,"comment_status":"open","ping_status":"open","sticky":false,"template":"","format":"standard","meta":{"footnotes":""},"categories":[1],"tags":[],"_links":{"self":[{"href":"https:\/\/blog.polityka.pl\/adamczewski\/wp-json\/wp\/v2\/posts\/11365"}],"collection":[{"href":"https:\/\/blog.polityka.pl\/adamczewski\/wp-json\/wp\/v2\/posts"}],"about":[{"href":"https:\/\/blog.polityka.pl\/adamczewski\/wp-json\/wp\/v2\/types\/post"}],"author":[{"embeddable":true,"href":"https:\/\/blog.polityka.pl\/adamczewski\/wp-json\/wp\/v2\/users\/2"}],"replies":[{"embeddable":true,"href":"https:\/\/blog.polityka.pl\/adamczewski\/wp-json\/wp\/v2\/comments?post=11365"}],"version-history":[{"count":0,"href":"https:\/\/blog.polityka.pl\/adamczewski\/wp-json\/wp\/v2\/posts\/11365\/revisions"}],"wp:attachment":[{"href":"https:\/\/blog.polityka.pl\/adamczewski\/wp-json\/wp\/v2\/media?parent=11365"}],"wp:term":[{"taxonomy":"category","embeddable":true,"href":"https:\/\/blog.polityka.pl\/adamczewski\/wp-json\/wp\/v2\/categories?post=11365"},{"taxonomy":"post_tag","embeddable":true,"href":"https:\/\/blog.polityka.pl\/adamczewski\/wp-json\/wp\/v2\/tags?post=11365"}],"curies":[{"name":"wp","href":"https:\/\/api.w.org\/{rel}","templated":true}]}}