
{"id":11366,"date":"2013-05-31T06:03:48","date_gmt":"2013-05-31T05:03:48","guid":{"rendered":"http:\/\/adamczewscy.pl\/?p=4821"},"modified":"2013-05-31T06:03:48","modified_gmt":"2013-05-31T05:03:48","slug":"krem-karmelowy","status":"publish","type":"post","link":"https:\/\/blog.polityka.pl\/adamczewski\/2013\/05\/31\/krem-karmelowy\/","title":{"rendered":"Krem karmelowy"},"content":{"rendered":"<p><em>1\/2 szklanki cukru, 2 szklanki mleka, laska wanilii, szczypta soli, 5 \u0142y\u017ceczek m\u0105ki ziemniaczanej, szklanka \u015bmietany kremowej, 2 \u0142y\u017cki siekanych orzeszk\u00f3w pistacjowych<\/em><\/p>\n<p>1. Wsypa\u0107 cukier do szerokiego garnka i podgrzewa\u0107 a\u017c si\u0119 rozpu\u015bci i stanie lekko z\u0142ocisty, ostro\u017cnie doda\u0107 4 \u0142y\u017cki wody, 1 i 3\/4 szklanki mleka, s\u00f3l i start\u0105 lask\u0119 wanilii, dobrze wymiesza\u0107. Doprowadzi\u0107 do wrzenia.<br \/>\n2. Mak\u0119 ziemniaczan\u0105 rozprowadzi\u0107 pozosta\u0142ym mlekiem, wla\u0107 do wrz\u0105cego mleka karmelowego i chwil\u0119 gotowa\u0107.<br \/>\n3. Ch\u0142odzi\u0107 krem w garnku wstawionym do wi\u0119kszego naczynia z zimn\u0105 wod\u0105 od czasu do czasu mieszaj\u0105c.<br \/>\n4, Ubi\u0107 \u015bmietan\u0119 krem\u00f3wk\u0119, doda\u0107 po\u0142ow\u0119 do och\u0142odzonego kremu. Nape\u0142ni\u0107 kremem karmelowym pucharki, przybiera\u0107 pozosta\u0142\u0105 bit\u0105 \u015bmietan\u0105. Sch\u0142adza\u0107 w lod\u00f3wce oko\u0142o 30 minut.<br \/>\n5. Podaj\u0105c posypa\u0107 siekanymi orzeszkami. <\/p>\n","protected":false},"excerpt":{"rendered":"<p>1\/2 szklanki cukru, 2 szklanki mleka, laska wanilii, szczypta soli, 5 \u0142y\u017ceczek m\u0105ki ziemniaczanej, szklanka \u015bmietany kremowej, 2 \u0142y\u017cki siekanych orzeszk\u00f3w pistacjowych 1. Wsypa\u0107 cukier do szerokiego garnka i podgrzewa\u0107 a\u017c si\u0119 rozpu\u015bci i stanie lekko z\u0142ocisty, ostro\u017cnie doda\u0107 4 \u0142y\u017cki wody, 1 i 3\/4 szklanki mleka, s\u00f3l i start\u0105 lask\u0119 wanilii, dobrze wymiesza\u0107. Doprowadzi\u0107 [&hellip;]<\/p>\n","protected":false},"author":2,"featured_media":0,"comment_status":"open","ping_status":"open","sticky":false,"template":"","format":"standard","meta":{"footnotes":""},"categories":[1],"tags":[],"_links":{"self":[{"href":"https:\/\/blog.polityka.pl\/adamczewski\/wp-json\/wp\/v2\/posts\/11366"}],"collection":[{"href":"https:\/\/blog.polityka.pl\/adamczewski\/wp-json\/wp\/v2\/posts"}],"about":[{"href":"https:\/\/blog.polityka.pl\/adamczewski\/wp-json\/wp\/v2\/types\/post"}],"author":[{"embeddable":true,"href":"https:\/\/blog.polityka.pl\/adamczewski\/wp-json\/wp\/v2\/users\/2"}],"replies":[{"embeddable":true,"href":"https:\/\/blog.polityka.pl\/adamczewski\/wp-json\/wp\/v2\/comments?post=11366"}],"version-history":[{"count":0,"href":"https:\/\/blog.polityka.pl\/adamczewski\/wp-json\/wp\/v2\/posts\/11366\/revisions"}],"wp:attachment":[{"href":"https:\/\/blog.polityka.pl\/adamczewski\/wp-json\/wp\/v2\/media?parent=11366"}],"wp:term":[{"taxonomy":"category","embeddable":true,"href":"https:\/\/blog.polityka.pl\/adamczewski\/wp-json\/wp\/v2\/categories?post=11366"},{"taxonomy":"post_tag","embeddable":true,"href":"https:\/\/blog.polityka.pl\/adamczewski\/wp-json\/wp\/v2\/tags?post=11366"}],"curies":[{"name":"wp","href":"https:\/\/api.w.org\/{rel}","templated":true}]}}