
{"id":11367,"date":"2013-05-31T06:04:30","date_gmt":"2013-05-31T05:04:30","guid":{"rendered":"http:\/\/adamczewscy.pl\/?p=4823"},"modified":"2013-05-31T06:04:30","modified_gmt":"2013-05-31T05:04:30","slug":"kurczak-na-slodko","status":"publish","type":"post","link":"https:\/\/blog.polityka.pl\/adamczewski\/2013\/05\/31\/kurczak-na-slodko\/","title":{"rendered":"Kurczak na s\u0142odko"},"content":{"rendered":"<p><em>Podw\u00f3jna du\u017ca pier\u015b z kurczaka, 2 \u0142y\u017cki oliwy, cebula, du\u017ca marchew, 3 suszone morele, mi\u0119sisty pomidor, 2 \u0142y\u017cki rodzynek,  spora szczypta cynamonu, s\u00f3l<\/em><\/p>\n<p>1. Pokroi\u0107 drobno cebul\u0119, wrzuci\u0107 na rozgrzan\u0105 oliw\u0119 i zeszkli\u0107.<br \/>\n2. Pokrojone piersi kurczaka doda\u0107 do zeszklonej cebuli i chwil\u0119 razem sma\u017cy\u0107.<br \/>\n3. Marchew obra\u0107 i zetrze\u0107 na grubej jarzynowej tarce, doda\u0107 do mi\u0119sa z cebul\u0105, doda\u0107 tak\u017ce pokrojone morele, rodzynki, 1\/2 szklanki wody i cynamon, lekko posoli\u0107.<br \/>\nDusi\u0107 a\u017c mi\u0119so zmi\u0119knie.<br \/>\n4. Pomidora obra\u0107 ze sk\u00f3rki, usun\u0105\u0107 pestki, pokroi\u0107 w drobn\u0105 kostk\u0119, doda\u0107 do mi\u0119sa i chwil\u0119 gotowa\u0107.<br \/>\nPodawa\u0107 z ry\u017cem.<\/p>\n","protected":false},"excerpt":{"rendered":"<p>Podw\u00f3jna du\u017ca pier\u015b z kurczaka, 2 \u0142y\u017cki oliwy, cebula, du\u017ca marchew, 3 suszone morele, mi\u0119sisty pomidor, 2 \u0142y\u017cki rodzynek, spora szczypta cynamonu, s\u00f3l 1. Pokroi\u0107 drobno cebul\u0119, wrzuci\u0107 na rozgrzan\u0105 oliw\u0119 i zeszkli\u0107. 2. Pokrojone piersi kurczaka doda\u0107 do zeszklonej cebuli i chwil\u0119 razem sma\u017cy\u0107. 3. Marchew obra\u0107 i zetrze\u0107 na grubej jarzynowej tarce, doda\u0107 [&hellip;]<\/p>\n","protected":false},"author":2,"featured_media":0,"comment_status":"open","ping_status":"open","sticky":false,"template":"","format":"standard","meta":{"footnotes":""},"categories":[1],"tags":[],"_links":{"self":[{"href":"https:\/\/blog.polityka.pl\/adamczewski\/wp-json\/wp\/v2\/posts\/11367"}],"collection":[{"href":"https:\/\/blog.polityka.pl\/adamczewski\/wp-json\/wp\/v2\/posts"}],"about":[{"href":"https:\/\/blog.polityka.pl\/adamczewski\/wp-json\/wp\/v2\/types\/post"}],"author":[{"embeddable":true,"href":"https:\/\/blog.polityka.pl\/adamczewski\/wp-json\/wp\/v2\/users\/2"}],"replies":[{"embeddable":true,"href":"https:\/\/blog.polityka.pl\/adamczewski\/wp-json\/wp\/v2\/comments?post=11367"}],"version-history":[{"count":0,"href":"https:\/\/blog.polityka.pl\/adamczewski\/wp-json\/wp\/v2\/posts\/11367\/revisions"}],"wp:attachment":[{"href":"https:\/\/blog.polityka.pl\/adamczewski\/wp-json\/wp\/v2\/media?parent=11367"}],"wp:term":[{"taxonomy":"category","embeddable":true,"href":"https:\/\/blog.polityka.pl\/adamczewski\/wp-json\/wp\/v2\/categories?post=11367"},{"taxonomy":"post_tag","embeddable":true,"href":"https:\/\/blog.polityka.pl\/adamczewski\/wp-json\/wp\/v2\/tags?post=11367"}],"curies":[{"name":"wp","href":"https:\/\/api.w.org\/{rel}","templated":true}]}}