
{"id":11368,"date":"2013-05-31T06:05:15","date_gmt":"2013-05-31T05:05:15","guid":{"rendered":"http:\/\/adamczewscy.pl\/?p=4825"},"modified":"2013-05-31T06:05:15","modified_gmt":"2013-05-31T05:05:15","slug":"nalesniki-suzette","status":"publish","type":"post","link":"https:\/\/blog.polityka.pl\/adamczewski\/2013\/05\/31\/nalesniki-suzette\/","title":{"rendered":"Nale\u015bniki Suzette"},"content":{"rendered":"<p><em>Na ciasto: szklanka m\u0105ki, 2 szklanki mleka, 2 \u0142y\u017cki sto\u0142owe roztopionego mas\u0142a, 3 jajka, s\u00f3l<br \/>\nNa sos: 3\/4 szklanka cukru, 3 pomara\u0144cze, 10 dag mas\u0142a, 3 \u0142y\u017cki likieru pomara\u0144czowego<br \/>\n Do podsma\u017cenia: \u0142y\u017ceczka mas\u0142a<\/em><\/p>\n<p>1. Zmiksowa\u0107 sk\u0142adniki nale\u015bnik\u00f3w, odstawi\u0107 na 30 minut. Usma\u017cy\u0107 cienkie nale\u015bniki.<br \/>\n2. Pola\u0107 wrz\u0105tkiem pomara\u0144cze, zetrze\u0107 na tarce oko\u0142o 2 \u0142y\u017ceczek sk\u00f3rki pomara\u0144czowej, sok wycisn\u0105\u0107.<br \/>\n3. Wsypa\u0107 cukier na rozgrzan\u0105 patelni\u0119 kiedy zacznie si\u0119 rumieni\u0107 wla\u0107 ostro\u017cnie 3 \u0142y\u017cki wody i doda\u0107 mas\u0142o, kiedy si\u0119 stopi doda\u0107 sok pomara\u0144czowy, likier i sk\u00f3rk\u0119, chwil\u0119 podgrza\u0107.<br \/>\n4. Nale\u015bniki posk\u0142ada\u0107 w chusteczk\u0119, zagrza\u0107 na patelni  na roztopionym ma\u015ble.<br \/>\n5. Podawa\u0107 nale\u015bniki gor\u0105ce, polane gor\u0105cym sosem. <\/p>\n","protected":false},"excerpt":{"rendered":"<p>Na ciasto: szklanka m\u0105ki, 2 szklanki mleka, 2 \u0142y\u017cki sto\u0142owe roztopionego mas\u0142a, 3 jajka, s\u00f3l Na sos: 3\/4 szklanka cukru, 3 pomara\u0144cze, 10 dag mas\u0142a, 3 \u0142y\u017cki likieru pomara\u0144czowego Do podsma\u017cenia: \u0142y\u017ceczka mas\u0142a 1. Zmiksowa\u0107 sk\u0142adniki nale\u015bnik\u00f3w, odstawi\u0107 na 30 minut. Usma\u017cy\u0107 cienkie nale\u015bniki. 2. Pola\u0107 wrz\u0105tkiem pomara\u0144cze, zetrze\u0107 na tarce oko\u0142o 2 \u0142y\u017ceczek sk\u00f3rki [&hellip;]<\/p>\n","protected":false},"author":2,"featured_media":0,"comment_status":"open","ping_status":"open","sticky":false,"template":"","format":"standard","meta":{"footnotes":""},"categories":[1],"tags":[],"_links":{"self":[{"href":"https:\/\/blog.polityka.pl\/adamczewski\/wp-json\/wp\/v2\/posts\/11368"}],"collection":[{"href":"https:\/\/blog.polityka.pl\/adamczewski\/wp-json\/wp\/v2\/posts"}],"about":[{"href":"https:\/\/blog.polityka.pl\/adamczewski\/wp-json\/wp\/v2\/types\/post"}],"author":[{"embeddable":true,"href":"https:\/\/blog.polityka.pl\/adamczewski\/wp-json\/wp\/v2\/users\/2"}],"replies":[{"embeddable":true,"href":"https:\/\/blog.polityka.pl\/adamczewski\/wp-json\/wp\/v2\/comments?post=11368"}],"version-history":[{"count":0,"href":"https:\/\/blog.polityka.pl\/adamczewski\/wp-json\/wp\/v2\/posts\/11368\/revisions"}],"wp:attachment":[{"href":"https:\/\/blog.polityka.pl\/adamczewski\/wp-json\/wp\/v2\/media?parent=11368"}],"wp:term":[{"taxonomy":"category","embeddable":true,"href":"https:\/\/blog.polityka.pl\/adamczewski\/wp-json\/wp\/v2\/categories?post=11368"},{"taxonomy":"post_tag","embeddable":true,"href":"https:\/\/blog.polityka.pl\/adamczewski\/wp-json\/wp\/v2\/tags?post=11368"}],"curies":[{"name":"wp","href":"https:\/\/api.w.org\/{rel}","templated":true}]}}