
{"id":1137,"date":"2009-08-27T08:00:19","date_gmt":"2009-08-27T06:00:19","guid":{"rendered":"http:\/\/adamczewski.blog.polityka.pl\/?p=1137"},"modified":"2009-08-25T15:51:15","modified_gmt":"2009-08-25T13:51:15","slug":"fotograficzna-relacja-z-dlugosiodla","status":"publish","type":"post","link":"https:\/\/blog.polityka.pl\/adamczewski\/2009\/08\/27\/fotograficzna-relacja-z-dlugosiodla\/","title":{"rendered":"Fotograficzna relacja z D\u0142ugosiod\u0142a"},"content":{"rendered":"<p>Oto kilka fotografii z D\u0142ugosiod\u0142a, kt\u00f3re jestem winien blogowej publiczno\u015bci. Przypomn\u0119 tylko, \u017ce par\u0119 dni temu byli\u015bmy na uroczysto\u015bciach do\u017cynkowych we wsi w powiecie wyszkowskim, gdzie obejrzeli\u015bmy poplenerow\u0105 wystaw\u0119 plastyczn\u0105, wyroby rzemie\u015blnik\u00f3w z ca\u0142ej okolicy i produkty \u017cywno\u015bciowe tak\u017ce z gmin s\u0105siaduj\u0105cych z D\u0142ugosiod\u0142em.<br \/>\nA na koniec zrobili\u015bmy zakupy, w tym pi\u0119kne kurki i podgrzybki.<\/p>\n<p>\u00a0<a href=\"\/wp-content\/uploads\/2009\/08\/dlugosidlo-plenerp81602101.jpg\"><img loading=\"lazy\" decoding=\"async\" class=\"aligncenter size-full wp-image-1144\" title=\"dlugosidlo-plenerp81602101\" src=\"\/wp-content\/uploads\/2009\/08\/dlugosidlo-plenerp81602101.jpg\" alt=\"\" width=\"500\" height=\"375\" srcset=\"\/adamczewski\/wp-content\/uploads\/2009\/08\/dlugosidlo-plenerp81602101.jpg 640w, \/adamczewski\/wp-content\/uploads\/2009\/08\/dlugosidlo-plenerp81602101-300x225.jpg 300w\" sizes=\"(max-width: 500px) 100vw, 500px\" \/><\/a><\/p>\n<p>\u00a0<\/p>\n<p><a href=\"\/wp-content\/uploads\/2009\/08\/dlugosidlo-plenerp81602091.jpg\"><img loading=\"lazy\" decoding=\"async\" class=\"aligncenter size-full wp-image-1145\" title=\"dlugosidlo-plenerp81602091\" src=\"\/wp-content\/uploads\/2009\/08\/dlugosidlo-plenerp81602091.jpg\" alt=\"\" width=\"500\" height=\"375\" srcset=\"\/adamczewski\/wp-content\/uploads\/2009\/08\/dlugosidlo-plenerp81602091.jpg 640w, \/adamczewski\/wp-content\/uploads\/2009\/08\/dlugosidlo-plenerp81602091-300x225.jpg 300w\" sizes=\"(max-width: 500px) 100vw, 500px\" \/><\/a><\/p>\n<p>\u00a0<\/p>\n<p><a href=\"\/wp-content\/uploads\/2009\/08\/dlugosidlo-dzikp81602071.jpg\"><img loading=\"lazy\" decoding=\"async\" class=\"aligncenter size-full wp-image-1146\" title=\"dlugosidlo-dzikp81602071\" src=\"\/wp-content\/uploads\/2009\/08\/dlugosidlo-dzikp81602071.jpg\" alt=\"\" width=\"500\" height=\"375\" srcset=\"\/adamczewski\/wp-content\/uploads\/2009\/08\/dlugosidlo-dzikp81602071.jpg 640w, \/adamczewski\/wp-content\/uploads\/2009\/08\/dlugosidlo-dzikp81602071-300x225.jpg 300w\" sizes=\"(max-width: 500px) 100vw, 500px\" \/><\/a><\/p>\n<p>\u00a0<\/p>\n<p><a href=\"\/wp-content\/uploads\/2009\/08\/dlugosidlo-warzywap81602051.jpg\"><img loading=\"lazy\" decoding=\"async\" class=\"aligncenter size-full wp-image-1147\" title=\"dlugosidlo-warzywap81602051\" src=\"\/wp-content\/uploads\/2009\/08\/dlugosidlo-warzywap81602051.jpg\" alt=\"\" width=\"500\" height=\"375\" srcset=\"\/adamczewski\/wp-content\/uploads\/2009\/08\/dlugosidlo-warzywap81602051.jpg 640w, \/adamczewski\/wp-content\/uploads\/2009\/08\/dlugosidlo-warzywap81602051-300x225.jpg 300w\" sizes=\"(max-width: 500px) 100vw, 500px\" \/><\/a><\/p>\n<p>\u00a0<\/p>\n<p><a href=\"\/wp-content\/uploads\/2009\/08\/dlugosiodlo-chleb-p81602041.jpg\"><img loading=\"lazy\" decoding=\"async\" class=\"aligncenter size-full wp-image-1148\" title=\"dlugosiodlo-chleb-p81602041\" src=\"\/wp-content\/uploads\/2009\/08\/dlugosiodlo-chleb-p81602041.jpg\" alt=\"\" width=\"500\" height=\"375\" srcset=\"\/adamczewski\/wp-content\/uploads\/2009\/08\/dlugosiodlo-chleb-p81602041.jpg 640w, \/adamczewski\/wp-content\/uploads\/2009\/08\/dlugosiodlo-chleb-p81602041-300x225.jpg 300w\" sizes=\"(max-width: 500px) 100vw, 500px\" \/><\/a><\/p>\n<p>\u00a0<\/p>\n<p><a href=\"\/wp-content\/uploads\/2009\/08\/dlugosiodlo-woskp81602061.jpg\"><img loading=\"lazy\" decoding=\"async\" class=\"aligncenter size-full wp-image-1149\" title=\"dlugosiodlo-woskp81602061\" src=\"\/wp-content\/uploads\/2009\/08\/dlugosiodlo-woskp81602061.jpg\" alt=\"\" width=\"500\" height=\"375\" srcset=\"\/adamczewski\/wp-content\/uploads\/2009\/08\/dlugosiodlo-woskp81602061.jpg 640w, \/adamczewski\/wp-content\/uploads\/2009\/08\/dlugosiodlo-woskp81602061-300x225.jpg 300w\" sizes=\"(max-width: 500px) 100vw, 500px\" \/><\/a><\/p>\n<p>W tym roku tyle zdj\u0119\u0107. W przysz\u0142ym b\u0119dzie wi\u0119cej i smaczniej.<\/p>\n","protected":false},"excerpt":{"rendered":"<p>Oto kilka fotografii z D\u0142ugosiod\u0142a, kt\u00f3re jestem winien blogowej publiczno\u015bci. Przypomn\u0119 tylko, \u017ce par\u0119 dni temu byli\u015bmy na uroczysto\u015bciach do\u017cynkowych we wsi w powiecie wyszkowskim, gdzie obejrzeli\u015bmy poplenerow\u0105 wystaw\u0119 plastyczn\u0105, wyroby rzemie\u015blnik\u00f3w z ca\u0142ej okolicy i produkty \u017cywno\u015bciowe tak\u017ce z gmin s\u0105siaduj\u0105cych z D\u0142ugosiod\u0142em. A na koniec zrobili\u015bmy zakupy, w tym pi\u0119kne kurki i podgrzybki. [&hellip;]<\/p>\n","protected":false},"author":2,"featured_media":0,"comment_status":"open","ping_status":"open","sticky":false,"template":"","format":"standard","meta":{"footnotes":""},"categories":[1],"tags":[],"_links":{"self":[{"href":"https:\/\/blog.polityka.pl\/adamczewski\/wp-json\/wp\/v2\/posts\/1137"}],"collection":[{"href":"https:\/\/blog.polityka.pl\/adamczewski\/wp-json\/wp\/v2\/posts"}],"about":[{"href":"https:\/\/blog.polityka.pl\/adamczewski\/wp-json\/wp\/v2\/types\/post"}],"author":[{"embeddable":true,"href":"https:\/\/blog.polityka.pl\/adamczewski\/wp-json\/wp\/v2\/users\/2"}],"replies":[{"embeddable":true,"href":"https:\/\/blog.polityka.pl\/adamczewski\/wp-json\/wp\/v2\/comments?post=1137"}],"version-history":[{"count":0,"href":"https:\/\/blog.polityka.pl\/adamczewski\/wp-json\/wp\/v2\/posts\/1137\/revisions"}],"wp:attachment":[{"href":"https:\/\/blog.polityka.pl\/adamczewski\/wp-json\/wp\/v2\/media?parent=1137"}],"wp:term":[{"taxonomy":"category","embeddable":true,"href":"https:\/\/blog.polityka.pl\/adamczewski\/wp-json\/wp\/v2\/categories?post=1137"},{"taxonomy":"post_tag","embeddable":true,"href":"https:\/\/blog.polityka.pl\/adamczewski\/wp-json\/wp\/v2\/tags?post=1137"}],"curies":[{"name":"wp","href":"https:\/\/api.w.org\/{rel}","templated":true}]}}