
{"id":11370,"date":"2013-06-07T06:01:07","date_gmt":"2013-06-07T05:01:07","guid":{"rendered":"http:\/\/adamczewscy.pl\/?p=4837"},"modified":"2013-06-07T06:01:07","modified_gmt":"2013-06-07T05:01:07","slug":"zawijane-zrazy-z-mintaja","status":"publish","type":"post","link":"https:\/\/blog.polityka.pl\/adamczewski\/2013\/06\/07\/zawijane-zrazy-z-mintaja\/","title":{"rendered":"Zawijane zrazy z mintaja"},"content":{"rendered":"<p><em>4 &#8211; 6 filet\u00f3w z mintaja, 15 dag \u017c\u00f3\u0142tego sera, jajko, s\u00f3l, pieprz, 1\/2 cytryny,  4 \u0142y\u017cki tartej bu\u0142ki, 4 &#8211; 6 \u0142y\u017cek oleju do sma\u017cenia<\/em><\/p>\n<p>1. Rozmro\u017cone filety z mintaja umy\u0107, osuszy\u0107 kuchennym papierowym r\u0119cznikiem, skropi\u0107 sokiem z cytryny, posypa\u0107 pieprzem i sol\u0105.<br \/>\n2. \u017b\u00f3\u0142ty ser pokroi\u0107 na paski, na ka\u017cdym filecie u\u0142o\u017cy\u0107 po kilka pask\u00f3w.<br \/>\n3. Zwija\u0107 filety tworz\u0105c ruloniki w taki spos\u00f3b, aby ser by\u0142 dok\u0142adnie schowany we wn\u0119trzu, spina\u0107 wyka\u0142aczk\u0105.<br \/>\n4. Macza\u0107 ka\u017cdy zraz w rozbitym jajku a nast\u0119pnie w tartej bu\u0142ce i sma\u017cy\u0107 na rozgrzanym oleju. <\/p>\n","protected":false},"excerpt":{"rendered":"<p>4 &#8211; 6 filet\u00f3w z mintaja, 15 dag \u017c\u00f3\u0142tego sera, jajko, s\u00f3l, pieprz, 1\/2 cytryny, 4 \u0142y\u017cki tartej bu\u0142ki, 4 &#8211; 6 \u0142y\u017cek oleju do sma\u017cenia 1. Rozmro\u017cone filety z mintaja umy\u0107, osuszy\u0107 kuchennym papierowym r\u0119cznikiem, skropi\u0107 sokiem z cytryny, posypa\u0107 pieprzem i sol\u0105. 2. \u017b\u00f3\u0142ty ser pokroi\u0107 na paski, na ka\u017cdym filecie u\u0142o\u017cy\u0107 po [&hellip;]<\/p>\n","protected":false},"author":2,"featured_media":0,"comment_status":"open","ping_status":"open","sticky":false,"template":"","format":"standard","meta":{"footnotes":""},"categories":[1],"tags":[],"_links":{"self":[{"href":"https:\/\/blog.polityka.pl\/adamczewski\/wp-json\/wp\/v2\/posts\/11370"}],"collection":[{"href":"https:\/\/blog.polityka.pl\/adamczewski\/wp-json\/wp\/v2\/posts"}],"about":[{"href":"https:\/\/blog.polityka.pl\/adamczewski\/wp-json\/wp\/v2\/types\/post"}],"author":[{"embeddable":true,"href":"https:\/\/blog.polityka.pl\/adamczewski\/wp-json\/wp\/v2\/users\/2"}],"replies":[{"embeddable":true,"href":"https:\/\/blog.polityka.pl\/adamczewski\/wp-json\/wp\/v2\/comments?post=11370"}],"version-history":[{"count":0,"href":"https:\/\/blog.polityka.pl\/adamczewski\/wp-json\/wp\/v2\/posts\/11370\/revisions"}],"wp:attachment":[{"href":"https:\/\/blog.polityka.pl\/adamczewski\/wp-json\/wp\/v2\/media?parent=11370"}],"wp:term":[{"taxonomy":"category","embeddable":true,"href":"https:\/\/blog.polityka.pl\/adamczewski\/wp-json\/wp\/v2\/categories?post=11370"},{"taxonomy":"post_tag","embeddable":true,"href":"https:\/\/blog.polityka.pl\/adamczewski\/wp-json\/wp\/v2\/tags?post=11370"}],"curies":[{"name":"wp","href":"https:\/\/api.w.org\/{rel}","templated":true}]}}