
{"id":11371,"date":"2013-06-07T06:02:05","date_gmt":"2013-06-07T05:02:05","guid":{"rendered":"http:\/\/adamczewscy.pl\/?p=4840"},"modified":"2013-06-07T06:02:05","modified_gmt":"2013-06-07T05:02:05","slug":"muffinki-truskawkowe","status":"publish","type":"post","link":"https:\/\/blog.polityka.pl\/adamczewski\/2013\/06\/07\/muffinki-truskawkowe\/","title":{"rendered":"Muffinki truskawkowe"},"content":{"rendered":"<p><em>Ok. 25 dag truskawek, cukier waniliowy, 2\/3 szklaki cukru, 1\/2 kostki mas\u0142a, \u0142y\u017ceczka proszku do pieczenia, \u0142y\u017ceczka sody, 1 i 1\/2 szklanki m\u0105ki, 1\/3 szklanki ma\u015blanki, du\u017ce jajko;<br \/>\nNa bit\u0105 \u015bmietan\u0119: szklanka \u015bmietany krem\u00f3wki, 2\/3 szklanki cukru pudru;<br \/>\nDo przybrania muffinek: kilka \u0142adnych, \u015bwie\u017cych truskawek<\/em><\/p>\n<p>1. Zmiksowa\u0107 truskawki z cukrem i cukrem waniliowym na mus.<br \/>\n2. M\u0105k\u0119 po\u0142\u0105czy\u0107 z proszkiem do pieczenia i sod\u0105; mas\u0142o rozpu\u015bci\u0107 i wymiesza\u0107 z ma\u015blank\u0105 i jajkiem, zmiksowa\u0107, doda\u0107 do m\u0105ki, zmiksowa\u0107 razem jeszcze raz, po czym dalej miksuj\u0105c wla\u0107 mus.<br \/>\n3. Nagrza\u0107 piekarnik do 170 st. C.<br \/>\n4. Papierowe foremki na muffinki, tzw. papilotki u\u0142o\u017cy\u0107 na blaszce, do ka\u017cdej foremki wla\u0107 po trochu ciasta i piec 20 minut.<br \/>\n5. Ubi\u0107 \u015bmietan\u0119 z cukrem, przybra\u0107 ka\u017cd\u0105 babeczk\u0119 kleksem \u015bmietany i kawa\u0142kiem \u015bwie\u017cej truskawki. <\/p>\n","protected":false},"excerpt":{"rendered":"<p>Ok. 25 dag truskawek, cukier waniliowy, 2\/3 szklaki cukru, 1\/2 kostki mas\u0142a, \u0142y\u017ceczka proszku do pieczenia, \u0142y\u017ceczka sody, 1 i 1\/2 szklanki m\u0105ki, 1\/3 szklanki ma\u015blanki, du\u017ce jajko; Na bit\u0105 \u015bmietan\u0119: szklanka \u015bmietany krem\u00f3wki, 2\/3 szklanki cukru pudru; Do przybrania muffinek: kilka \u0142adnych, \u015bwie\u017cych truskawek 1. Zmiksowa\u0107 truskawki z cukrem i cukrem waniliowym na mus. [&hellip;]<\/p>\n","protected":false},"author":2,"featured_media":0,"comment_status":"open","ping_status":"open","sticky":false,"template":"","format":"standard","meta":{"footnotes":""},"categories":[1],"tags":[],"_links":{"self":[{"href":"https:\/\/blog.polityka.pl\/adamczewski\/wp-json\/wp\/v2\/posts\/11371"}],"collection":[{"href":"https:\/\/blog.polityka.pl\/adamczewski\/wp-json\/wp\/v2\/posts"}],"about":[{"href":"https:\/\/blog.polityka.pl\/adamczewski\/wp-json\/wp\/v2\/types\/post"}],"author":[{"embeddable":true,"href":"https:\/\/blog.polityka.pl\/adamczewski\/wp-json\/wp\/v2\/users\/2"}],"replies":[{"embeddable":true,"href":"https:\/\/blog.polityka.pl\/adamczewski\/wp-json\/wp\/v2\/comments?post=11371"}],"version-history":[{"count":0,"href":"https:\/\/blog.polityka.pl\/adamczewski\/wp-json\/wp\/v2\/posts\/11371\/revisions"}],"wp:attachment":[{"href":"https:\/\/blog.polityka.pl\/adamczewski\/wp-json\/wp\/v2\/media?parent=11371"}],"wp:term":[{"taxonomy":"category","embeddable":true,"href":"https:\/\/blog.polityka.pl\/adamczewski\/wp-json\/wp\/v2\/categories?post=11371"},{"taxonomy":"post_tag","embeddable":true,"href":"https:\/\/blog.polityka.pl\/adamczewski\/wp-json\/wp\/v2\/tags?post=11371"}],"curies":[{"name":"wp","href":"https:\/\/api.w.org\/{rel}","templated":true}]}}