
{"id":11372,"date":"2013-06-07T06:04:12","date_gmt":"2013-06-07T05:04:12","guid":{"rendered":"http:\/\/adamczewscy.pl\/?p=4842"},"modified":"2013-06-07T06:04:12","modified_gmt":"2013-06-07T05:04:12","slug":"karmazyn-pieczony","status":"publish","type":"post","link":"https:\/\/blog.polityka.pl\/adamczewski\/2013\/06\/07\/karmazyn-pieczony\/","title":{"rendered":"Karmazyn pieczony"},"content":{"rendered":"<p><a href=\"http:\/\/adamczewscy.pl\/wp-content\/uploads\/2013\/06\/karmazyn.jpg\"><img loading=\"lazy\" decoding=\"async\" src=\"http:\/\/adamczewscy.pl\/wp-content\/uploads\/2013\/06\/karmazyn.jpg\" alt=\"\" title=\"karmazyn\" width=\"400\" height=\"300\" class=\"alignnone size-full wp-image-4843\" \/><\/a><\/p>\n<p><em>Karmazyn wagi ok. 1 kg, oliwa, mas\u0142o, s\u00f3l, pieprz, ? cytryny, zielona pietruszka<\/em><\/p>\n<p>1. Karmazyna oskroba\u0107 (bardzo twarde \u0142uski), wypatroszy\u0107, dok\u0142adnie umy\u0107. Posoli\u0107 ryb\u0119 z zewn\u0105trz i od wewn\u0105trz. Do brzucha w\u0142o\u017cy\u0107 ga\u0142\u0105zk\u0119 natki pietruszki i grudk\u0119 mas\u0142a. Z zewn\u0105trz lekko posypa\u0107 \u015bwie\u017co zmielonym pieprzem.<br \/>\n2. W brytfannie rozpu\u015bci\u0107 odrobin\u0119 mas\u0142a, dola\u0107 oliwy, u\u0142o\u017cy\u0107 karmazyna i pokropi\u0107 go sokiem z po\u0142owy cytryny. Wstawi\u0107 do piekarnika rozgrzanego do 180 st. C i piec 30 minut. Na ostatnie pi\u0119\u0107 minut w\u0142\u0105czy\u0107 termoobieg.<br \/>\n3. Na p\u00f3\u0142misku u\u0142o\u017cy\u0107 li\u015bcie sa\u0142aty i plasterki cytryny. Na tym podk\u0142adzie po\u0142o\u017cy\u0107 upieczon\u0105 ryb\u0119 i podawa\u0107 z pieczonymi ziemniakami. <\/p>\n","protected":false},"excerpt":{"rendered":"<p>Karmazyn wagi ok. 1 kg, oliwa, mas\u0142o, s\u00f3l, pieprz, ? cytryny, zielona pietruszka 1. Karmazyna oskroba\u0107 (bardzo twarde \u0142uski), wypatroszy\u0107, dok\u0142adnie umy\u0107. Posoli\u0107 ryb\u0119 z zewn\u0105trz i od wewn\u0105trz. Do brzucha w\u0142o\u017cy\u0107 ga\u0142\u0105zk\u0119 natki pietruszki i grudk\u0119 mas\u0142a. Z zewn\u0105trz lekko posypa\u0107 \u015bwie\u017co zmielonym pieprzem. 2. W brytfannie rozpu\u015bci\u0107 odrobin\u0119 mas\u0142a, dola\u0107 oliwy, u\u0142o\u017cy\u0107 karmazyna [&hellip;]<\/p>\n","protected":false},"author":2,"featured_media":0,"comment_status":"open","ping_status":"open","sticky":false,"template":"","format":"standard","meta":{"footnotes":""},"categories":[1],"tags":[],"_links":{"self":[{"href":"https:\/\/blog.polityka.pl\/adamczewski\/wp-json\/wp\/v2\/posts\/11372"}],"collection":[{"href":"https:\/\/blog.polityka.pl\/adamczewski\/wp-json\/wp\/v2\/posts"}],"about":[{"href":"https:\/\/blog.polityka.pl\/adamczewski\/wp-json\/wp\/v2\/types\/post"}],"author":[{"embeddable":true,"href":"https:\/\/blog.polityka.pl\/adamczewski\/wp-json\/wp\/v2\/users\/2"}],"replies":[{"embeddable":true,"href":"https:\/\/blog.polityka.pl\/adamczewski\/wp-json\/wp\/v2\/comments?post=11372"}],"version-history":[{"count":0,"href":"https:\/\/blog.polityka.pl\/adamczewski\/wp-json\/wp\/v2\/posts\/11372\/revisions"}],"wp:attachment":[{"href":"https:\/\/blog.polityka.pl\/adamczewski\/wp-json\/wp\/v2\/media?parent=11372"}],"wp:term":[{"taxonomy":"category","embeddable":true,"href":"https:\/\/blog.polityka.pl\/adamczewski\/wp-json\/wp\/v2\/categories?post=11372"},{"taxonomy":"post_tag","embeddable":true,"href":"https:\/\/blog.polityka.pl\/adamczewski\/wp-json\/wp\/v2\/tags?post=11372"}],"curies":[{"name":"wp","href":"https:\/\/api.w.org\/{rel}","templated":true}]}}