
{"id":11373,"date":"2013-06-07T06:04:48","date_gmt":"2013-06-07T05:04:48","guid":{"rendered":"http:\/\/adamczewscy.pl\/?p=4845"},"modified":"2013-06-07T06:04:48","modified_gmt":"2013-06-07T05:04:48","slug":"bajaderki-rumowe","status":"publish","type":"post","link":"https:\/\/blog.polityka.pl\/adamczewski\/2013\/06\/07\/bajaderki-rumowe\/","title":{"rendered":"Bajaderki rumowe"},"content":{"rendered":"<p><em>Ok. 50 dag herbatnik\u00f3w lub kruchych ciastek, 1\/4 szklanki mleka, 1\/4 szklanki cukru, 4 \u0142y\u017cki mas\u0142a, 2 \u0142y\u017cki kakao, 1\/2 s\u0142oika d\u017cemu \u015bliwkowego, kilka kropli olejku rumowego lub arakowego, 1\/2 szklanki pokrojonych bakalii<br \/>\nNa polew\u0119: 1\/2 tabliczki czekolady<\/em><\/p>\n<p>1. Herbatniki lub ciasteczka wysypa\u0107 na stolnice i wa\u0142kiem pokruszy\u0107 i przesypa\u0107 do miski.<br \/>\n2. Zagotowa\u0107 mleko z mas\u0142em, cukrem i kakao, chwil\u0119 studzi\u0107, po czym wla\u0107 do herbatnik\u00f3w, doda\u0107 d\u017cem i olejek. Zagnie\u015b\u0107 ciasto.<br \/>\n3. Z ciasta formowa\u0107 niewielkie kulki wielko\u015bci orzecha.<br \/>\n4. Rozpu\u015bci\u0107 czekolad\u0119 w kuchence mikrofalowej lub w kubeczku wstawionym do garnuszka z wod\u0105, pola\u0107 wierzchy ciastek. <\/p>\n","protected":false},"excerpt":{"rendered":"<p>Ok. 50 dag herbatnik\u00f3w lub kruchych ciastek, 1\/4 szklanki mleka, 1\/4 szklanki cukru, 4 \u0142y\u017cki mas\u0142a, 2 \u0142y\u017cki kakao, 1\/2 s\u0142oika d\u017cemu \u015bliwkowego, kilka kropli olejku rumowego lub arakowego, 1\/2 szklanki pokrojonych bakalii Na polew\u0119: 1\/2 tabliczki czekolady 1. Herbatniki lub ciasteczka wysypa\u0107 na stolnice i wa\u0142kiem pokruszy\u0107 i przesypa\u0107 do miski. 2. Zagotowa\u0107 mleko [&hellip;]<\/p>\n","protected":false},"author":2,"featured_media":0,"comment_status":"open","ping_status":"open","sticky":false,"template":"","format":"standard","meta":{"footnotes":""},"categories":[1],"tags":[],"_links":{"self":[{"href":"https:\/\/blog.polityka.pl\/adamczewski\/wp-json\/wp\/v2\/posts\/11373"}],"collection":[{"href":"https:\/\/blog.polityka.pl\/adamczewski\/wp-json\/wp\/v2\/posts"}],"about":[{"href":"https:\/\/blog.polityka.pl\/adamczewski\/wp-json\/wp\/v2\/types\/post"}],"author":[{"embeddable":true,"href":"https:\/\/blog.polityka.pl\/adamczewski\/wp-json\/wp\/v2\/users\/2"}],"replies":[{"embeddable":true,"href":"https:\/\/blog.polityka.pl\/adamczewski\/wp-json\/wp\/v2\/comments?post=11373"}],"version-history":[{"count":0,"href":"https:\/\/blog.polityka.pl\/adamczewski\/wp-json\/wp\/v2\/posts\/11373\/revisions"}],"wp:attachment":[{"href":"https:\/\/blog.polityka.pl\/adamczewski\/wp-json\/wp\/v2\/media?parent=11373"}],"wp:term":[{"taxonomy":"category","embeddable":true,"href":"https:\/\/blog.polityka.pl\/adamczewski\/wp-json\/wp\/v2\/categories?post=11373"},{"taxonomy":"post_tag","embeddable":true,"href":"https:\/\/blog.polityka.pl\/adamczewski\/wp-json\/wp\/v2\/tags?post=11373"}],"curies":[{"name":"wp","href":"https:\/\/api.w.org\/{rel}","templated":true}]}}