
{"id":11374,"date":"2013-06-07T06:05:29","date_gmt":"2013-06-07T05:05:29","guid":{"rendered":"http:\/\/adamczewscy.pl\/?p=4847"},"modified":"2013-06-07T06:05:29","modified_gmt":"2013-06-07T05:05:29","slug":"gulasz-wieprzowy-z-warzywami","status":"publish","type":"post","link":"https:\/\/blog.polityka.pl\/adamczewski\/2013\/06\/07\/gulasz-wieprzowy-z-warzywami\/","title":{"rendered":"Gulasz wieprzowy z warzywami"},"content":{"rendered":"<p><em>40 dag szynki wieprzowej lub pol\u0119dwiczki, 2 torebki do gotowania ry\u017cu, 2 cebule, 2 \u0142y\u017ceczki s\u0142odkiej sproszkowanej papryki, z\u0105bek czosnku, czerwona papryka, 2 szklanki bulionu (mo\u017ce by\u0107 z kostki), szklanka mro\u017conego groszku, p\u00f3\u0142 ostrej papryczki, 2 \u0142y\u017cki oleju lub oliwy, s\u00f3l, pieprz<\/em><\/p>\n<p>1. Pokroi\u0107 drobno czosnek, cebul\u0119 w pi\u00f3rka a oba rodzaje papryki w drobn\u0105 kostk\u0119.<br \/>\n2. Mi\u0119so pokroi\u0107 w niewielk\u0105 kostk\u0119.<br \/>\n3. Ry\u017c wysypa\u0107 na sitko i starannie op\u0142uka\u0107.<br \/>\n4. Rozgrza\u0107 olej lub oliw\u0119, obsma\u017cy\u0107 na nim najpierw mi\u0119so posypane lekko sol\u0105 i sypk\u0105 papryk\u0105, doda\u0107 cebul\u0119 i zeszkli\u0107.<br \/>\n5. Wla\u0107 1\/2 szklanki bulionu i dusi\u0107 oko\u0142o 20 &#8211; 25 minut, po czym doda\u0107 do mi\u0119sa groszek, ry\u017c, pokrojone papryki i czosnek a tak\u017ce pozosta\u0142y bulion.<br \/>\n6. Pod przykryciem dusi\u0107 15 minut doprawiaj\u0105c sol\u0105 i pieprzem do smaku. Kiedy ry\u017c wch\u0142onie ca\u0142y p\u0142yn potrawa jest gotowa. <\/p>\n","protected":false},"excerpt":{"rendered":"<p>40 dag szynki wieprzowej lub pol\u0119dwiczki, 2 torebki do gotowania ry\u017cu, 2 cebule, 2 \u0142y\u017ceczki s\u0142odkiej sproszkowanej papryki, z\u0105bek czosnku, czerwona papryka, 2 szklanki bulionu (mo\u017ce by\u0107 z kostki), szklanka mro\u017conego groszku, p\u00f3\u0142 ostrej papryczki, 2 \u0142y\u017cki oleju lub oliwy, s\u00f3l, pieprz 1. Pokroi\u0107 drobno czosnek, cebul\u0119 w pi\u00f3rka a oba rodzaje papryki w drobn\u0105 [&hellip;]<\/p>\n","protected":false},"author":2,"featured_media":0,"comment_status":"open","ping_status":"open","sticky":false,"template":"","format":"standard","meta":{"footnotes":""},"categories":[1],"tags":[],"_links":{"self":[{"href":"https:\/\/blog.polityka.pl\/adamczewski\/wp-json\/wp\/v2\/posts\/11374"}],"collection":[{"href":"https:\/\/blog.polityka.pl\/adamczewski\/wp-json\/wp\/v2\/posts"}],"about":[{"href":"https:\/\/blog.polityka.pl\/adamczewski\/wp-json\/wp\/v2\/types\/post"}],"author":[{"embeddable":true,"href":"https:\/\/blog.polityka.pl\/adamczewski\/wp-json\/wp\/v2\/users\/2"}],"replies":[{"embeddable":true,"href":"https:\/\/blog.polityka.pl\/adamczewski\/wp-json\/wp\/v2\/comments?post=11374"}],"version-history":[{"count":0,"href":"https:\/\/blog.polityka.pl\/adamczewski\/wp-json\/wp\/v2\/posts\/11374\/revisions"}],"wp:attachment":[{"href":"https:\/\/blog.polityka.pl\/adamczewski\/wp-json\/wp\/v2\/media?parent=11374"}],"wp:term":[{"taxonomy":"category","embeddable":true,"href":"https:\/\/blog.polityka.pl\/adamczewski\/wp-json\/wp\/v2\/categories?post=11374"},{"taxonomy":"post_tag","embeddable":true,"href":"https:\/\/blog.polityka.pl\/adamczewski\/wp-json\/wp\/v2\/tags?post=11374"}],"curies":[{"name":"wp","href":"https:\/\/api.w.org\/{rel}","templated":true}]}}