
{"id":11375,"date":"2013-06-13T16:37:40","date_gmt":"2013-06-13T15:37:40","guid":{"rendered":"http:\/\/adamczewscy.pl\/?p=4855"},"modified":"2013-06-13T16:37:40","modified_gmt":"2013-06-13T15:37:40","slug":"udka-kacze-ze-sliwkami-daktylami-i-miodem","status":"publish","type":"post","link":"https:\/\/blog.polityka.pl\/adamczewski\/2013\/06\/13\/udka-kacze-ze-sliwkami-daktylami-i-miodem\/","title":{"rendered":"Udka kacze ze \u015bliwkami, daktylami i miodem"},"content":{"rendered":"<p><a href=\"http:\/\/adamczewscy.pl\/wp-content\/uploads\/2013\/06\/Kaczka-ze-\u015bliwkami-i-daktylami-w-miodzie.jpg\"><img loading=\"lazy\" decoding=\"async\" src=\"http:\/\/adamczewscy.pl\/wp-content\/uploads\/2013\/06\/Kaczka-ze-\u015bliwkami-i-daktylami-w-miodzie.jpg\" alt=\"\" title=\"OLYMPUS DIGITAL CAMERA\" width=\"400\" height=\"300\" class=\"alignnone size-full wp-image-4868\" \/><\/a><\/p>\n<p><em>4 kacze udka, 2 szklanki wytrawnego czerwonego wina,15 dag suszonych \u015bliwek bez pestek, 2 jab\u0142ka, 4 daktyle, 4 \u0142y\u017cki octu jab\u0142kowego, 2 \u0142y\u017cki p\u0142ynnego miodu, 2 \u0142y\u017cki oliwy, s\u00f3l<\/em><\/p>\n<p>1. Umyte i osuszone kuchennym papierowym r\u0119cznikiem udka natrze\u0107 sol\u0105 i u\u0142o\u017cy\u0107 w brytfannie na 30 minut.<br \/>\n2. Wymiesza\u0107 oliw\u0119 z miodem i octem. Posmarowa\u0107  t\u0105 mieszank\u0105 udka.<br \/>\n3. W nagrzanym do 190 st. C piekarniku piec udka polewaj\u0105c wytapiaj\u0105cym si\u0119 t\u0142uszczem.<br \/>\n4. \u015aliwki i daktyle namoczy\u0107 w czerwonym winie, jab\u0142ka pokroi\u0107 po obraniu na \u0107wiartki.<br \/>\n5. Po godzinie pieczenia wyla\u0107 do miseczki t\u0142uszcz spod kaczki, doda\u0107 natomiast \u015bliwki, daktyle i jab\u0142ka wraz z winem. Piec dalsze 30 minut lub d\u0142u\u017cej o ile to konieczne.<\/p>\n","protected":false},"excerpt":{"rendered":"<p>4 kacze udka, 2 szklanki wytrawnego czerwonego wina,15 dag suszonych \u015bliwek bez pestek, 2 jab\u0142ka, 4 daktyle, 4 \u0142y\u017cki octu jab\u0142kowego, 2 \u0142y\u017cki p\u0142ynnego miodu, 2 \u0142y\u017cki oliwy, s\u00f3l 1. Umyte i osuszone kuchennym papierowym r\u0119cznikiem udka natrze\u0107 sol\u0105 i u\u0142o\u017cy\u0107 w brytfannie na 30 minut. 2. Wymiesza\u0107 oliw\u0119 z miodem i octem. Posmarowa\u0107 t\u0105 [&hellip;]<\/p>\n","protected":false},"author":2,"featured_media":0,"comment_status":"open","ping_status":"open","sticky":false,"template":"","format":"standard","meta":{"footnotes":""},"categories":[1],"tags":[],"_links":{"self":[{"href":"https:\/\/blog.polityka.pl\/adamczewski\/wp-json\/wp\/v2\/posts\/11375"}],"collection":[{"href":"https:\/\/blog.polityka.pl\/adamczewski\/wp-json\/wp\/v2\/posts"}],"about":[{"href":"https:\/\/blog.polityka.pl\/adamczewski\/wp-json\/wp\/v2\/types\/post"}],"author":[{"embeddable":true,"href":"https:\/\/blog.polityka.pl\/adamczewski\/wp-json\/wp\/v2\/users\/2"}],"replies":[{"embeddable":true,"href":"https:\/\/blog.polityka.pl\/adamczewski\/wp-json\/wp\/v2\/comments?post=11375"}],"version-history":[{"count":0,"href":"https:\/\/blog.polityka.pl\/adamczewski\/wp-json\/wp\/v2\/posts\/11375\/revisions"}],"wp:attachment":[{"href":"https:\/\/blog.polityka.pl\/adamczewski\/wp-json\/wp\/v2\/media?parent=11375"}],"wp:term":[{"taxonomy":"category","embeddable":true,"href":"https:\/\/blog.polityka.pl\/adamczewski\/wp-json\/wp\/v2\/categories?post=11375"},{"taxonomy":"post_tag","embeddable":true,"href":"https:\/\/blog.polityka.pl\/adamczewski\/wp-json\/wp\/v2\/tags?post=11375"}],"curies":[{"name":"wp","href":"https:\/\/api.w.org\/{rel}","templated":true}]}}