
{"id":11377,"date":"2013-06-13T16:39:26","date_gmt":"2013-06-13T15:39:26","guid":{"rendered":"http:\/\/adamczewscy.pl\/?p=4859"},"modified":"2013-06-13T16:39:26","modified_gmt":"2013-06-13T15:39:26","slug":"jeczmienne-kotlety","status":"publish","type":"post","link":"https:\/\/blog.polityka.pl\/adamczewski\/2013\/06\/13\/jeczmienne-kotlety\/","title":{"rendered":"J\u0119czmienne kotlety"},"content":{"rendered":"<p><em>2 szklanki kaszy j\u0119czmiennej ugotowanej na kostce roso\u0142u warzywnego, 2 cebule, \u0142y\u017cka majeranku, z\u0105bek czosnku, pieprz, s\u00f3l, 3 \u0142y\u017cki musztardy, 2 jajka, 2 \u0142y\u017cki \u015bmietany, do panierowania: tarta bu\u0142ka, do sma\u017cenia: 1\/2 szklanki oleju<\/em><\/p>\n<p>1. Usma\u017cy\u0107 na \u0142y\u017cce oleju posiekan\u0105 drobno cebul\u0119, doda\u0107 do ugotowanej kaszy.<br \/>\n2. Do kaszy doda\u0107 jajka i \u015bmietan\u0119, doprawi\u0107 sol\u0105 ,pieprzem przeci\u015bni\u0119tym przez prask\u0119 czosnkiem i musztard\u0105 do smaku. Wymiesza\u0107 mas\u0119.<br \/>\n3. Formowa\u0107 okr\u0105g\u0142e p\u0142askie kotleciki, obtacza\u0107 je w tartej bu\u0142ce i sma\u017cy\u0107 na oleju na rumiano z obu stron.<\/p>\n","protected":false},"excerpt":{"rendered":"<p>2 szklanki kaszy j\u0119czmiennej ugotowanej na kostce roso\u0142u warzywnego, 2 cebule, \u0142y\u017cka majeranku, z\u0105bek czosnku, pieprz, s\u00f3l, 3 \u0142y\u017cki musztardy, 2 jajka, 2 \u0142y\u017cki \u015bmietany, do panierowania: tarta bu\u0142ka, do sma\u017cenia: 1\/2 szklanki oleju 1. Usma\u017cy\u0107 na \u0142y\u017cce oleju posiekan\u0105 drobno cebul\u0119, doda\u0107 do ugotowanej kaszy. 2. Do kaszy doda\u0107 jajka i \u015bmietan\u0119, doprawi\u0107 sol\u0105 [&hellip;]<\/p>\n","protected":false},"author":2,"featured_media":0,"comment_status":"open","ping_status":"open","sticky":false,"template":"","format":"standard","meta":{"footnotes":""},"categories":[1],"tags":[],"_links":{"self":[{"href":"https:\/\/blog.polityka.pl\/adamczewski\/wp-json\/wp\/v2\/posts\/11377"}],"collection":[{"href":"https:\/\/blog.polityka.pl\/adamczewski\/wp-json\/wp\/v2\/posts"}],"about":[{"href":"https:\/\/blog.polityka.pl\/adamczewski\/wp-json\/wp\/v2\/types\/post"}],"author":[{"embeddable":true,"href":"https:\/\/blog.polityka.pl\/adamczewski\/wp-json\/wp\/v2\/users\/2"}],"replies":[{"embeddable":true,"href":"https:\/\/blog.polityka.pl\/adamczewski\/wp-json\/wp\/v2\/comments?post=11377"}],"version-history":[{"count":0,"href":"https:\/\/blog.polityka.pl\/adamczewski\/wp-json\/wp\/v2\/posts\/11377\/revisions"}],"wp:attachment":[{"href":"https:\/\/blog.polityka.pl\/adamczewski\/wp-json\/wp\/v2\/media?parent=11377"}],"wp:term":[{"taxonomy":"category","embeddable":true,"href":"https:\/\/blog.polityka.pl\/adamczewski\/wp-json\/wp\/v2\/categories?post=11377"},{"taxonomy":"post_tag","embeddable":true,"href":"https:\/\/blog.polityka.pl\/adamczewski\/wp-json\/wp\/v2\/tags?post=11377"}],"curies":[{"name":"wp","href":"https:\/\/api.w.org\/{rel}","templated":true}]}}