
{"id":11379,"date":"2013-06-13T16:40:55","date_gmt":"2013-06-13T15:40:55","guid":{"rendered":"http:\/\/adamczewscy.pl\/?p=4863"},"modified":"2013-06-13T16:40:55","modified_gmt":"2013-06-13T15:40:55","slug":"czekoladowe-suflety-z-ostrym-chili","status":"publish","type":"post","link":"https:\/\/blog.polityka.pl\/adamczewski\/2013\/06\/13\/czekoladowe-suflety-z-ostrym-chili\/","title":{"rendered":"Czekoladowe suflety z ostrym chili"},"content":{"rendered":"<p><em>25 dag gorzkiej czekolady, 20 dag mas\u0142a, 4 jajka i 4 \u017c\u00f3\u0142tka, 1\/2 szklanki cukru, 8 \u0142y\u017cek m\u0105ki, 1\/2 \u0142y\u017ceczki chili<br \/>\nDo posmarowania  kokilek: \u0142y\u017cka mas\u0142a, a do ich wysypania \u0142y\u017cka m\u0105ki<br \/>\nCukier puder i mi\u0119kkie owoce do dekoracji<\/em><\/p>\n<p>1. Rozpu\u015bci\u0107 po\u0142aman\u0105 na kawa\u0142ki  czekolad\u0119 i mas\u0142o w k\u0105pieli wodnej, doda\u0107 chili.<br \/>\n2. Jajka i \u017c\u00f3\u0142tka wbi\u0107 do miski, doda\u0107 cukier i ustawi\u0107 nad garnkiem z wrz\u0105c\u0105 (niezbyt gwa\u0142townie!) wod\u0105, ubijaj\u0105c intensywnie, a\u017c masa zbieleje i stanie si\u0119 bardzo puszysta. Po zdj\u0119ciu  z garnka jeszcze chwil\u0119 ubija\u0107 mas\u0119! Odstawi\u0107 do przestygni\u0119cia.<br \/>\n3. Do och\u0142odzonej masy doda\u0107 przesian\u0105 m\u0105k\u0119 i ostudzona czekolad\u0119 z mas\u0142em. Odstawi\u0107 ciasto na suflety na godzin\u0119.<br \/>\n4. Wysmarowa\u0107 kokilki mas\u0142em, wysypa\u0107  lekko m\u0105k\u0105, nape\u0142ni\u0107 je mas\u0105.<br \/>\n5. W nagrzanym do 180 st. C piekarniku piec suflety 8 minut, wyj\u0105\u0107 z kokilek przewracaj\u0105c je do g\u00f3ry dnem. Przybra\u0107 owocami, posypa\u0107 cukrem pudrem.<\/p>\n","protected":false},"excerpt":{"rendered":"<p>25 dag gorzkiej czekolady, 20 dag mas\u0142a, 4 jajka i 4 \u017c\u00f3\u0142tka, 1\/2 szklanki cukru, 8 \u0142y\u017cek m\u0105ki, 1\/2 \u0142y\u017ceczki chili Do posmarowania kokilek: \u0142y\u017cka mas\u0142a, a do ich wysypania \u0142y\u017cka m\u0105ki Cukier puder i mi\u0119kkie owoce do dekoracji 1. Rozpu\u015bci\u0107 po\u0142aman\u0105 na kawa\u0142ki czekolad\u0119 i mas\u0142o w k\u0105pieli wodnej, doda\u0107 chili. 2. Jajka i [&hellip;]<\/p>\n","protected":false},"author":2,"featured_media":0,"comment_status":"open","ping_status":"open","sticky":false,"template":"","format":"standard","meta":{"footnotes":""},"categories":[1],"tags":[],"_links":{"self":[{"href":"https:\/\/blog.polityka.pl\/adamczewski\/wp-json\/wp\/v2\/posts\/11379"}],"collection":[{"href":"https:\/\/blog.polityka.pl\/adamczewski\/wp-json\/wp\/v2\/posts"}],"about":[{"href":"https:\/\/blog.polityka.pl\/adamczewski\/wp-json\/wp\/v2\/types\/post"}],"author":[{"embeddable":true,"href":"https:\/\/blog.polityka.pl\/adamczewski\/wp-json\/wp\/v2\/users\/2"}],"replies":[{"embeddable":true,"href":"https:\/\/blog.polityka.pl\/adamczewski\/wp-json\/wp\/v2\/comments?post=11379"}],"version-history":[{"count":0,"href":"https:\/\/blog.polityka.pl\/adamczewski\/wp-json\/wp\/v2\/posts\/11379\/revisions"}],"wp:attachment":[{"href":"https:\/\/blog.polityka.pl\/adamczewski\/wp-json\/wp\/v2\/media?parent=11379"}],"wp:term":[{"taxonomy":"category","embeddable":true,"href":"https:\/\/blog.polityka.pl\/adamczewski\/wp-json\/wp\/v2\/categories?post=11379"},{"taxonomy":"post_tag","embeddable":true,"href":"https:\/\/blog.polityka.pl\/adamczewski\/wp-json\/wp\/v2\/tags?post=11379"}],"curies":[{"name":"wp","href":"https:\/\/api.w.org\/{rel}","templated":true}]}}