
{"id":11380,"date":"2013-06-21T06:07:08","date_gmt":"2013-06-21T05:07:08","guid":{"rendered":"http:\/\/adamczewscy.pl\/?p=4873"},"modified":"2013-06-21T06:07:08","modified_gmt":"2013-06-21T05:07:08","slug":"zupa-krem-z-papryki","status":"publish","type":"post","link":"https:\/\/blog.polityka.pl\/adamczewski\/2013\/06\/21\/zupa-krem-z-papryki\/","title":{"rendered":"Zupa krem z papryki"},"content":{"rendered":"<p><em>1 kg czerwonej papryki, 3 cebule, 2 du\u017ce ziemniaki, 4 szklanki gor\u0105cego bulionu (mo\u017ce by\u0107 drobiowy z kostki), 2 du\u017ce ziemniaki, 3 \u0142y\u017cki oliwy, \u0142y\u017ceczka s\u0142odkiej mielonej papryki, 1\/2 \u0142y\u017ceczki ostrej mielonej papryki, s\u00f3l, pieprz, 2 z\u0105bki czosnku, 1\/2 szklanki g\u0119stej \u015bmietany 18-proc.<\/em><\/p>\n<p>1. Posieka\u0107 cebul\u0119, pokroi\u0107 papryk\u0119 w paseczki.<br \/>\n2. W garnku rozgrza\u0107 oliw\u0119 i zeszkli\u0107 cebul\u0119, doda\u0107 pokrojon\u0105 papryk\u0119 i sma\u017cy\u0107 3 &#8211; 4 minuty.<br \/>\n3. Doda\u0107 bulion, a kiedy zawrze doda\u0107 pokrojone w kostk\u0119 ziemniaki i wszystko razem, pod przykryciem powoli gotowa\u0107 ok. 40 minut.<br \/>\n4. Zmiksowa\u0107 ugotowan\u0105 zup\u0119, doprawi\u0107 sol\u0105, pieprzem, obydwoma rodzajami mielonej papryki i przeci\u015bni\u0119tym przez prask\u0119 czosnkiem.<br \/>\nPodaj\u0105c do ka\u017cdej porcji  doda\u0107 \u0142y\u017ck\u0119 \u015bmietany. <\/p>\n","protected":false},"excerpt":{"rendered":"<p>1 kg czerwonej papryki, 3 cebule, 2 du\u017ce ziemniaki, 4 szklanki gor\u0105cego bulionu (mo\u017ce by\u0107 drobiowy z kostki), 2 du\u017ce ziemniaki, 3 \u0142y\u017cki oliwy, \u0142y\u017ceczka s\u0142odkiej mielonej papryki, 1\/2 \u0142y\u017ceczki ostrej mielonej papryki, s\u00f3l, pieprz, 2 z\u0105bki czosnku, 1\/2 szklanki g\u0119stej \u015bmietany 18-proc. 1. Posieka\u0107 cebul\u0119, pokroi\u0107 papryk\u0119 w paseczki. 2. W garnku rozgrza\u0107 oliw\u0119 [&hellip;]<\/p>\n","protected":false},"author":2,"featured_media":0,"comment_status":"open","ping_status":"open","sticky":false,"template":"","format":"standard","meta":{"footnotes":""},"categories":[1],"tags":[],"_links":{"self":[{"href":"https:\/\/blog.polityka.pl\/adamczewski\/wp-json\/wp\/v2\/posts\/11380"}],"collection":[{"href":"https:\/\/blog.polityka.pl\/adamczewski\/wp-json\/wp\/v2\/posts"}],"about":[{"href":"https:\/\/blog.polityka.pl\/adamczewski\/wp-json\/wp\/v2\/types\/post"}],"author":[{"embeddable":true,"href":"https:\/\/blog.polityka.pl\/adamczewski\/wp-json\/wp\/v2\/users\/2"}],"replies":[{"embeddable":true,"href":"https:\/\/blog.polityka.pl\/adamczewski\/wp-json\/wp\/v2\/comments?post=11380"}],"version-history":[{"count":0,"href":"https:\/\/blog.polityka.pl\/adamczewski\/wp-json\/wp\/v2\/posts\/11380\/revisions"}],"wp:attachment":[{"href":"https:\/\/blog.polityka.pl\/adamczewski\/wp-json\/wp\/v2\/media?parent=11380"}],"wp:term":[{"taxonomy":"category","embeddable":true,"href":"https:\/\/blog.polityka.pl\/adamczewski\/wp-json\/wp\/v2\/categories?post=11380"},{"taxonomy":"post_tag","embeddable":true,"href":"https:\/\/blog.polityka.pl\/adamczewski\/wp-json\/wp\/v2\/tags?post=11380"}],"curies":[{"name":"wp","href":"https:\/\/api.w.org\/{rel}","templated":true}]}}