
{"id":11381,"date":"2013-06-21T06:07:56","date_gmt":"2013-06-21T05:07:56","guid":{"rendered":"http:\/\/adamczewscy.pl\/?p=4875"},"modified":"2013-06-21T06:07:56","modified_gmt":"2013-06-21T05:07:56","slug":"mus-czekoladowy-2","status":"publish","type":"post","link":"https:\/\/blog.polityka.pl\/adamczewski\/2013\/06\/21\/mus-czekoladowy-2\/","title":{"rendered":"Mus czekoladowy"},"content":{"rendered":"<p><em>2 tabliczki dobrej gorzkiej czekolady, najlepiej 70% kakao, 8 jaj, 4 \u0142y\u017cki rumu, 4 \u0142y\u017ceczki kawy rozpuszczalnej, szczypta soli, otarta sk\u00f3rka pomara\u0144czowa<\/em><\/p>\n<p>1. Kaw\u0119 rozpu\u015bci\u0107 w 1\/2 szklanki gor\u0105cej wody, doda\u0107 po\u0142amane tabliczki czekolady oraz rum i w k\u0105pieli wodnej rozpu\u015bci\u0107 ci\u0105gle mieszaj\u0105c. Doda\u0107 start\u0105 na tarce sk\u00f3rk\u0119 z pomara\u0144czy. Lekko ostudzi\u0107.<br \/>\n2. Ubi\u0107 bia\u0142ka ze szczypt\u0105 soli.<br \/>\n3. Do ostudzonej czekolady dodawa\u0107 po jednym \u017c\u00f3\u0142tka i energicznie miesza\u0107. Nast\u0119pnie delikatnie mieszaj\u0105c doda\u0107 ubite bia\u0142ka.<br \/>\n4. Prze\u0142o\u017cy\u0107 mus do szklanej salaterki i wstawi\u0107 przykryty szczelnie (aby nie przeszed\u0142 innymi zapachami) do lod\u00f3wki na 5 &#8211; 6 godzin. <\/p>\n","protected":false},"excerpt":{"rendered":"<p>2 tabliczki dobrej gorzkiej czekolady, najlepiej 70% kakao, 8 jaj, 4 \u0142y\u017cki rumu, 4 \u0142y\u017ceczki kawy rozpuszczalnej, szczypta soli, otarta sk\u00f3rka pomara\u0144czowa 1. Kaw\u0119 rozpu\u015bci\u0107 w 1\/2 szklanki gor\u0105cej wody, doda\u0107 po\u0142amane tabliczki czekolady oraz rum i w k\u0105pieli wodnej rozpu\u015bci\u0107 ci\u0105gle mieszaj\u0105c. Doda\u0107 start\u0105 na tarce sk\u00f3rk\u0119 z pomara\u0144czy. Lekko ostudzi\u0107. 2. Ubi\u0107 bia\u0142ka [&hellip;]<\/p>\n","protected":false},"author":2,"featured_media":0,"comment_status":"open","ping_status":"open","sticky":false,"template":"","format":"standard","meta":{"footnotes":""},"categories":[1],"tags":[],"_links":{"self":[{"href":"https:\/\/blog.polityka.pl\/adamczewski\/wp-json\/wp\/v2\/posts\/11381"}],"collection":[{"href":"https:\/\/blog.polityka.pl\/adamczewski\/wp-json\/wp\/v2\/posts"}],"about":[{"href":"https:\/\/blog.polityka.pl\/adamczewski\/wp-json\/wp\/v2\/types\/post"}],"author":[{"embeddable":true,"href":"https:\/\/blog.polityka.pl\/adamczewski\/wp-json\/wp\/v2\/users\/2"}],"replies":[{"embeddable":true,"href":"https:\/\/blog.polityka.pl\/adamczewski\/wp-json\/wp\/v2\/comments?post=11381"}],"version-history":[{"count":0,"href":"https:\/\/blog.polityka.pl\/adamczewski\/wp-json\/wp\/v2\/posts\/11381\/revisions"}],"wp:attachment":[{"href":"https:\/\/blog.polityka.pl\/adamczewski\/wp-json\/wp\/v2\/media?parent=11381"}],"wp:term":[{"taxonomy":"category","embeddable":true,"href":"https:\/\/blog.polityka.pl\/adamczewski\/wp-json\/wp\/v2\/categories?post=11381"},{"taxonomy":"post_tag","embeddable":true,"href":"https:\/\/blog.polityka.pl\/adamczewski\/wp-json\/wp\/v2\/tags?post=11381"}],"curies":[{"name":"wp","href":"https:\/\/api.w.org\/{rel}","templated":true}]}}