
{"id":11382,"date":"2013-06-21T06:08:32","date_gmt":"2013-06-21T05:08:32","guid":{"rendered":"http:\/\/adamczewscy.pl\/?p=4877"},"modified":"2013-06-21T06:08:32","modified_gmt":"2013-06-21T05:08:32","slug":"kulki-z-tunczyka","status":"publish","type":"post","link":"https:\/\/blog.polityka.pl\/adamczewski\/2013\/06\/21\/kulki-z-tunczyka\/","title":{"rendered":"Kulki z tu\u0144czyka"},"content":{"rendered":"<p><em>2 puszki tu\u0144czyka w sosie w\u0142asnym, du\u017ca cebula, 2 papryczki chili, 3 spore ziemniaki, 1\/2 \u0142y\u017ceczki curry, sok z 1\/2 limonki<br \/>\nDo panierowania: jajko i 1\/2 szklanki tartej bu\u0142ki<br \/>\nDo sma\u017cenia: 2 szklanki oleju<\/em><\/p>\n<p>1. Ugotowa\u0107 ziemniaki w mundurkach, przepu\u015bci\u0107 przez prask\u0119 do ziemniak\u00f3w lub starannie ut\u0142uc.<br \/>\n2. Starannie ods\u0105czy\u0107 i podzieli\u0107 na ma\u0142e kawa\u0142ki tu\u0144czyka.<br \/>\n3. Na 2 \u0142y\u017ckach oleju podsma\u017cy\u0107  na rumiano posiekan\u0105 cebul\u0119, pokrojone drobno papryczki chili i curry, doda\u0107 tu\u0144czyka, przesma\u017ca\u0107 4 minuty, doda\u0107 ziemniaki i doprawi\u0107 pieprzem i sol\u0105. Doda\u0107 na koniec sok z limonki.<br \/>\n4. Formowa\u0107 kulki z masy, macza\u0107 je najpierw w rozbitym jajku, nast\u0119pnie w tartej bu\u0142ce.<br \/>\n5. Rozgrza\u0107 w g\u0142\u0119bokiej patelni polej, sma\u017cy\u0107 kulki na rumiano. <\/p>\n","protected":false},"excerpt":{"rendered":"<p>2 puszki tu\u0144czyka w sosie w\u0142asnym, du\u017ca cebula, 2 papryczki chili, 3 spore ziemniaki, 1\/2 \u0142y\u017ceczki curry, sok z 1\/2 limonki Do panierowania: jajko i 1\/2 szklanki tartej bu\u0142ki Do sma\u017cenia: 2 szklanki oleju 1. Ugotowa\u0107 ziemniaki w mundurkach, przepu\u015bci\u0107 przez prask\u0119 do ziemniak\u00f3w lub starannie ut\u0142uc. 2. Starannie ods\u0105czy\u0107 i podzieli\u0107 na ma\u0142e kawa\u0142ki [&hellip;]<\/p>\n","protected":false},"author":2,"featured_media":0,"comment_status":"open","ping_status":"open","sticky":false,"template":"","format":"standard","meta":{"footnotes":""},"categories":[1],"tags":[],"_links":{"self":[{"href":"https:\/\/blog.polityka.pl\/adamczewski\/wp-json\/wp\/v2\/posts\/11382"}],"collection":[{"href":"https:\/\/blog.polityka.pl\/adamczewski\/wp-json\/wp\/v2\/posts"}],"about":[{"href":"https:\/\/blog.polityka.pl\/adamczewski\/wp-json\/wp\/v2\/types\/post"}],"author":[{"embeddable":true,"href":"https:\/\/blog.polityka.pl\/adamczewski\/wp-json\/wp\/v2\/users\/2"}],"replies":[{"embeddable":true,"href":"https:\/\/blog.polityka.pl\/adamczewski\/wp-json\/wp\/v2\/comments?post=11382"}],"version-history":[{"count":0,"href":"https:\/\/blog.polityka.pl\/adamczewski\/wp-json\/wp\/v2\/posts\/11382\/revisions"}],"wp:attachment":[{"href":"https:\/\/blog.polityka.pl\/adamczewski\/wp-json\/wp\/v2\/media?parent=11382"}],"wp:term":[{"taxonomy":"category","embeddable":true,"href":"https:\/\/blog.polityka.pl\/adamczewski\/wp-json\/wp\/v2\/categories?post=11382"},{"taxonomy":"post_tag","embeddable":true,"href":"https:\/\/blog.polityka.pl\/adamczewski\/wp-json\/wp\/v2\/tags?post=11382"}],"curies":[{"name":"wp","href":"https:\/\/api.w.org\/{rel}","templated":true}]}}