
{"id":11383,"date":"2013-06-21T06:09:29","date_gmt":"2013-06-21T05:09:29","guid":{"rendered":"http:\/\/adamczewscy.pl\/?p=4879"},"modified":"2013-06-21T06:09:29","modified_gmt":"2013-06-21T05:09:29","slug":"jagniecina-w-papilotach","status":"publish","type":"post","link":"https:\/\/blog.polityka.pl\/adamczewski\/2013\/06\/21\/jagniecina-w-papilotach\/","title":{"rendered":"Jagni\u0119cina w papilotach"},"content":{"rendered":"<p><em>80 dag jagni\u0119ciny z \u0142opatki, 4 du\u017ce ziemniaki, 2 cebule, 3 marchwie, 15 dag fasolki szparagowej \u015bwie\u017cej lub mro\u017conej, du\u017cy pomidor, 8 z\u0105bk\u00f3w czosnku, 12 cytryny, 3 \u0142y\u017cki bia\u0142ego wina, 3 \u0142y\u017cki oliwy, po szczypcie oregano i rozmarynu suszonego, pieprz, s\u00f3l<\/em><\/p>\n<p>1. Mi\u0119so podzieli\u0107 na kawa\u0142ki wielko\u015bci pude\u0142ka zapa\u0142ek, u\u0142o\u017cy\u0107 w salaterce. Zala\u0107 marynat\u0105 przygotowan\u0105  z wina, rozmarynu i oregano, soli, pieprzu, soku cytrynowego, oliwy i 4 z\u0105bk\u00f3w czosnku.<br \/>\n2. Przygotowa\u0107 warzywa: ziemniaki, cebul\u0119 i marchew pokroi\u0107 w kostk\u0119, doda\u0107 pokrojon\u0105 fasol\u0119, s\u00f3l, pieprz, czosnek i oliw\u0119.<br \/>\n3. Przygotowa\u0107 8 kwadratowych kawa\u0142k\u00f3w pergaminu, u\u0142o\u017cy\u0107 po dwa w ten spos\u00f3b, aby utworzy\u0142a si\u0119 gwiazda. Na ka\u017cdym podw\u00f3jnym pergaminie u\u0142o\u017cy\u0107 po porcji mi\u0119sa i warzyw oraz plaster pomidora.<br \/>\n4. Zwi\u0105za\u0107 sznureczkiem wierzcho\u0142ek.<br \/>\n5. W piekarniku nagrzanym do 180 st. C piec danie 60 minut. Podawa\u0107 z ry\u017cem na sypko. <\/p>\n","protected":false},"excerpt":{"rendered":"<p>80 dag jagni\u0119ciny z \u0142opatki, 4 du\u017ce ziemniaki, 2 cebule, 3 marchwie, 15 dag fasolki szparagowej \u015bwie\u017cej lub mro\u017conej, du\u017cy pomidor, 8 z\u0105bk\u00f3w czosnku, 12 cytryny, 3 \u0142y\u017cki bia\u0142ego wina, 3 \u0142y\u017cki oliwy, po szczypcie oregano i rozmarynu suszonego, pieprz, s\u00f3l 1. Mi\u0119so podzieli\u0107 na kawa\u0142ki wielko\u015bci pude\u0142ka zapa\u0142ek, u\u0142o\u017cy\u0107 w salaterce. Zala\u0107 marynat\u0105 przygotowan\u0105 [&hellip;]<\/p>\n","protected":false},"author":2,"featured_media":0,"comment_status":"open","ping_status":"open","sticky":false,"template":"","format":"standard","meta":{"footnotes":""},"categories":[1],"tags":[],"_links":{"self":[{"href":"https:\/\/blog.polityka.pl\/adamczewski\/wp-json\/wp\/v2\/posts\/11383"}],"collection":[{"href":"https:\/\/blog.polityka.pl\/adamczewski\/wp-json\/wp\/v2\/posts"}],"about":[{"href":"https:\/\/blog.polityka.pl\/adamczewski\/wp-json\/wp\/v2\/types\/post"}],"author":[{"embeddable":true,"href":"https:\/\/blog.polityka.pl\/adamczewski\/wp-json\/wp\/v2\/users\/2"}],"replies":[{"embeddable":true,"href":"https:\/\/blog.polityka.pl\/adamczewski\/wp-json\/wp\/v2\/comments?post=11383"}],"version-history":[{"count":0,"href":"https:\/\/blog.polityka.pl\/adamczewski\/wp-json\/wp\/v2\/posts\/11383\/revisions"}],"wp:attachment":[{"href":"https:\/\/blog.polityka.pl\/adamczewski\/wp-json\/wp\/v2\/media?parent=11383"}],"wp:term":[{"taxonomy":"category","embeddable":true,"href":"https:\/\/blog.polityka.pl\/adamczewski\/wp-json\/wp\/v2\/categories?post=11383"},{"taxonomy":"post_tag","embeddable":true,"href":"https:\/\/blog.polityka.pl\/adamczewski\/wp-json\/wp\/v2\/tags?post=11383"}],"curies":[{"name":"wp","href":"https:\/\/api.w.org\/{rel}","templated":true}]}}