
{"id":11384,"date":"2013-06-26T02:37:05","date_gmt":"2013-06-26T01:37:05","guid":{"rendered":"http:\/\/adamczewscy.pl\/?p=4885"},"modified":"2013-06-26T02:37:05","modified_gmt":"2013-06-26T01:37:05","slug":"zupa-egzotyczna","status":"publish","type":"post","link":"https:\/\/blog.polityka.pl\/adamczewski\/2013\/06\/26\/zupa-egzotyczna\/","title":{"rendered":"Zupa egzotyczna"},"content":{"rendered":"<p><em>Na wywar: podw\u00f3jny filet z kurczaka, 2 marchwie, pietruszka, kawa\u0142ek selera i por Ma\u0142y broku\u0142, puszka mleka kokosowego (400g), 2 cytryny, 2 papryczki chili, 5 cm imbiru, s\u00f3l<\/em><\/p>\n<p>1. Zala\u0107 mi\u0119so i obrane warzywa 7 szklankami wody i ugotowa\u0107 wywar. W po\u0142owie gotowania doda\u0107 pokrojone papryczki chili i imbir.<br \/>\nPowinno pozosta\u0107 6 szklanek wywaru.<br \/>\n2. Podzieli\u0107 broku\u0142 na bardzo drobne r\u00f3\u017cyczki.<br \/>\n3. Sparzy\u0107 wrz\u0105tkiem cytryny. Z jednej wycisn\u0105\u0107 sok, drug\u0105 pokroi\u0107 na plasterki wraz ze sk\u00f3rk\u0105.<br \/>\n4. Mi\u0119so z roso\u0142u wyj\u0105\u0107, pokroi\u0107 na kawa\u0142ki i doda\u0107 zn\u00f3w do zupy.<br \/>\n5. Do zupy doda\u0107 tak\u017ce mleko kokosowe i gotowa\u0107 10 minut, tu\u017c przed zako\u0144czeniem doda\u0107 r\u00f3\u017cyczki broku\u0142u i sok cytrynowy, posoli\u0107. Podawa\u0107 zup\u0119 udekorowan\u0105 plasterkami cytryny. <\/p>\n","protected":false},"excerpt":{"rendered":"<p>Na wywar: podw\u00f3jny filet z kurczaka, 2 marchwie, pietruszka, kawa\u0142ek selera i por Ma\u0142y broku\u0142, puszka mleka kokosowego (400g), 2 cytryny, 2 papryczki chili, 5 cm imbiru, s\u00f3l 1. Zala\u0107 mi\u0119so i obrane warzywa 7 szklankami wody i ugotowa\u0107 wywar. W po\u0142owie gotowania doda\u0107 pokrojone papryczki chili i imbir. Powinno pozosta\u0107 6 szklanek wywaru. 2. [&hellip;]<\/p>\n","protected":false},"author":2,"featured_media":0,"comment_status":"open","ping_status":"open","sticky":false,"template":"","format":"standard","meta":{"footnotes":""},"categories":[1],"tags":[],"_links":{"self":[{"href":"https:\/\/blog.polityka.pl\/adamczewski\/wp-json\/wp\/v2\/posts\/11384"}],"collection":[{"href":"https:\/\/blog.polityka.pl\/adamczewski\/wp-json\/wp\/v2\/posts"}],"about":[{"href":"https:\/\/blog.polityka.pl\/adamczewski\/wp-json\/wp\/v2\/types\/post"}],"author":[{"embeddable":true,"href":"https:\/\/blog.polityka.pl\/adamczewski\/wp-json\/wp\/v2\/users\/2"}],"replies":[{"embeddable":true,"href":"https:\/\/blog.polityka.pl\/adamczewski\/wp-json\/wp\/v2\/comments?post=11384"}],"version-history":[{"count":0,"href":"https:\/\/blog.polityka.pl\/adamczewski\/wp-json\/wp\/v2\/posts\/11384\/revisions"}],"wp:attachment":[{"href":"https:\/\/blog.polityka.pl\/adamczewski\/wp-json\/wp\/v2\/media?parent=11384"}],"wp:term":[{"taxonomy":"category","embeddable":true,"href":"https:\/\/blog.polityka.pl\/adamczewski\/wp-json\/wp\/v2\/categories?post=11384"},{"taxonomy":"post_tag","embeddable":true,"href":"https:\/\/blog.polityka.pl\/adamczewski\/wp-json\/wp\/v2\/tags?post=11384"}],"curies":[{"name":"wp","href":"https:\/\/api.w.org\/{rel}","templated":true}]}}