
{"id":11385,"date":"2013-06-26T02:37:55","date_gmt":"2013-06-26T01:37:55","guid":{"rendered":"http:\/\/adamczewscy.pl\/?p=4887"},"modified":"2013-06-26T02:37:55","modified_gmt":"2013-06-26T01:37:55","slug":"zupa-czosnkowo-tymiankowa","status":"publish","type":"post","link":"https:\/\/blog.polityka.pl\/adamczewski\/2013\/06\/26\/zupa-czosnkowo-tymiankowa\/","title":{"rendered":"Zupa czosnkowo-tymiankowa"},"content":{"rendered":"<p><em>3 szklanki wywaru lub bulionu drobiowego z kostki, 4 g\u0142\u00f3wki czosnku, 4 \u015brednie ziemniaki, \u015brednia cebula, 4 \u0142y\u017cki p\u0142atk\u00f3w parmezanu, 3 \u0142y\u017cki oliwy, 3 \u0142y\u017cki soku z cytryny, \u0142y\u017ceczka suszonego tymianku lub \u0142y\u017cka posiekanego \u015bwie\u017cego, s\u00f3l<\/em><\/p>\n<p>1. Podzieli\u0107 g\u0142\u00f3wk\u0119 czosnku na z\u0105bki i bez obierania w\u0142o\u017cy\u0107  do \u017caroodpornego naczynia, wymiesza\u0107 z \u0142y\u017ck\u0105 oliwy i pod przykryciem z folii aluminiowej piec w temperaturze 180 st. C oko\u0142o 30 minut. Ostudzi\u0107.<br \/>\n2, Z upieczonych z\u0105bk\u00f3w wycisn\u0105\u0107 mi\u0105\u017csz.<br \/>\n3. Cebul\u0119 posieka\u0107, ziemniaki obra\u0107 i pokroi\u0107 w kostk\u0119.<br \/>\n4. W garnku rozgrza\u0107 oliw\u0119, podsma\u017cy\u0107 na niej cebul\u0119, doda\u0107 tymianek i ziemniaki. Gdy si\u0119 zrumieni\u0105 dodaj czosnek i bulion.<br \/>\n5. Zup\u0119 gotowa\u0107 25 minut. Kiedy ziemniaki s\u0105 mi\u0119kkie doprawi\u0107 zup\u0119 sol\u0105 i sokiem z cytryny.<br \/>\nPodawa\u0107 posypan\u0105 p\u0142atkami parmezanu. <\/p>\n","protected":false},"excerpt":{"rendered":"<p>3 szklanki wywaru lub bulionu drobiowego z kostki, 4 g\u0142\u00f3wki czosnku, 4 \u015brednie ziemniaki, \u015brednia cebula, 4 \u0142y\u017cki p\u0142atk\u00f3w parmezanu, 3 \u0142y\u017cki oliwy, 3 \u0142y\u017cki soku z cytryny, \u0142y\u017ceczka suszonego tymianku lub \u0142y\u017cka posiekanego \u015bwie\u017cego, s\u00f3l 1. Podzieli\u0107 g\u0142\u00f3wk\u0119 czosnku na z\u0105bki i bez obierania w\u0142o\u017cy\u0107 do \u017caroodpornego naczynia, wymiesza\u0107 z \u0142y\u017ck\u0105 oliwy i pod [&hellip;]<\/p>\n","protected":false},"author":2,"featured_media":0,"comment_status":"open","ping_status":"open","sticky":false,"template":"","format":"standard","meta":{"footnotes":""},"categories":[1],"tags":[],"_links":{"self":[{"href":"https:\/\/blog.polityka.pl\/adamczewski\/wp-json\/wp\/v2\/posts\/11385"}],"collection":[{"href":"https:\/\/blog.polityka.pl\/adamczewski\/wp-json\/wp\/v2\/posts"}],"about":[{"href":"https:\/\/blog.polityka.pl\/adamczewski\/wp-json\/wp\/v2\/types\/post"}],"author":[{"embeddable":true,"href":"https:\/\/blog.polityka.pl\/adamczewski\/wp-json\/wp\/v2\/users\/2"}],"replies":[{"embeddable":true,"href":"https:\/\/blog.polityka.pl\/adamczewski\/wp-json\/wp\/v2\/comments?post=11385"}],"version-history":[{"count":0,"href":"https:\/\/blog.polityka.pl\/adamczewski\/wp-json\/wp\/v2\/posts\/11385\/revisions"}],"wp:attachment":[{"href":"https:\/\/blog.polityka.pl\/adamczewski\/wp-json\/wp\/v2\/media?parent=11385"}],"wp:term":[{"taxonomy":"category","embeddable":true,"href":"https:\/\/blog.polityka.pl\/adamczewski\/wp-json\/wp\/v2\/categories?post=11385"},{"taxonomy":"post_tag","embeddable":true,"href":"https:\/\/blog.polityka.pl\/adamczewski\/wp-json\/wp\/v2\/tags?post=11385"}],"curies":[{"name":"wp","href":"https:\/\/api.w.org\/{rel}","templated":true}]}}