
{"id":11386,"date":"2013-06-26T02:38:46","date_gmt":"2013-06-26T01:38:46","guid":{"rendered":"http:\/\/adamczewscy.pl\/?p=4889"},"modified":"2013-06-26T02:38:46","modified_gmt":"2013-06-26T01:38:46","slug":"warzywa-z-makaronem-sojowym","status":"publish","type":"post","link":"https:\/\/blog.polityka.pl\/adamczewski\/2013\/06\/26\/warzywa-z-makaronem-sojowym\/","title":{"rendered":"Warzywa z makaronem sojowym"},"content":{"rendered":"<p><em>30 dag makaronu sojowego<br \/>\nPo jednej czerwonej i \u017c\u00f3\u0142tej papryce, p\u0119czek dymki, 20 dag pieczarek, marchew, 3 z\u0105bki czosnku, 3 cm \u015bwie\u017cego imbiru, 4 \u0142y\u017cki oleju, 3 \u0142y\u017cki sosu sojowego, szczypta mielonej kolendry i wed\u0142ug gustu przyprawa ?5 smak\u00f3w?, pieprz, s\u00f3l<\/em><\/p>\n<p>1. Makaron zala\u0107 ciep\u0142a wod\u0105 i odstawi\u0107 na 10minut, po czym odcedzi\u0107 i przechowa\u0107 pod przykryciem, aby nie wysycha\u0142.<br \/>\n2. Marchew i papryk\u0119 pokroi\u0107 w s\u0142upki, dymk\u0119 wraz ze szczypiorem na uko\u015bne kawa\u0142ki d\u0142ugo\u015bci 3cm, imbir obra\u0107 i wraz z czosnkiem drobniutko posieka\u0107. Pieczarki umyte i osuszone pokroi\u0107 w plasterki.<br \/>\n3. W du\u017cej, g\u0142\u0119bokiej patelni rozgrza\u0107, olej, wrzuci\u0107 przygotowane warzywa,  sma\u017cy\u0107 na \u015brednim ogniu 6 minut, ca\u0142y czas mieszaj\u0105c, doprawi\u0107 w tym czasie kolendr\u0105, przypraw\u0105 ?5 smak\u00f3w?, pieprzem i sol\u0105.<br \/>\n4. Do warzyw doda\u0107 makaron,  pokropi\u0107 sosem sojowym i dusi\u0107 pod przykryciem 4 minuty. <\/p>\n","protected":false},"excerpt":{"rendered":"<p>30 dag makaronu sojowego Po jednej czerwonej i \u017c\u00f3\u0142tej papryce, p\u0119czek dymki, 20 dag pieczarek, marchew, 3 z\u0105bki czosnku, 3 cm \u015bwie\u017cego imbiru, 4 \u0142y\u017cki oleju, 3 \u0142y\u017cki sosu sojowego, szczypta mielonej kolendry i wed\u0142ug gustu przyprawa ?5 smak\u00f3w?, pieprz, s\u00f3l 1. Makaron zala\u0107 ciep\u0142a wod\u0105 i odstawi\u0107 na 10minut, po czym odcedzi\u0107 i przechowa\u0107 [&hellip;]<\/p>\n","protected":false},"author":2,"featured_media":0,"comment_status":"open","ping_status":"open","sticky":false,"template":"","format":"standard","meta":{"footnotes":""},"categories":[1],"tags":[],"_links":{"self":[{"href":"https:\/\/blog.polityka.pl\/adamczewski\/wp-json\/wp\/v2\/posts\/11386"}],"collection":[{"href":"https:\/\/blog.polityka.pl\/adamczewski\/wp-json\/wp\/v2\/posts"}],"about":[{"href":"https:\/\/blog.polityka.pl\/adamczewski\/wp-json\/wp\/v2\/types\/post"}],"author":[{"embeddable":true,"href":"https:\/\/blog.polityka.pl\/adamczewski\/wp-json\/wp\/v2\/users\/2"}],"replies":[{"embeddable":true,"href":"https:\/\/blog.polityka.pl\/adamczewski\/wp-json\/wp\/v2\/comments?post=11386"}],"version-history":[{"count":0,"href":"https:\/\/blog.polityka.pl\/adamczewski\/wp-json\/wp\/v2\/posts\/11386\/revisions"}],"wp:attachment":[{"href":"https:\/\/blog.polityka.pl\/adamczewski\/wp-json\/wp\/v2\/media?parent=11386"}],"wp:term":[{"taxonomy":"category","embeddable":true,"href":"https:\/\/blog.polityka.pl\/adamczewski\/wp-json\/wp\/v2\/categories?post=11386"},{"taxonomy":"post_tag","embeddable":true,"href":"https:\/\/blog.polityka.pl\/adamczewski\/wp-json\/wp\/v2\/tags?post=11386"}],"curies":[{"name":"wp","href":"https:\/\/api.w.org\/{rel}","templated":true}]}}