
{"id":11387,"date":"2013-06-26T02:39:31","date_gmt":"2013-06-26T01:39:31","guid":{"rendered":"http:\/\/adamczewscy.pl\/?p=4891"},"modified":"2013-06-26T02:39:31","modified_gmt":"2013-06-26T01:39:31","slug":"tarta-malinowo-czekoladowa","status":"publish","type":"post","link":"https:\/\/blog.polityka.pl\/adamczewski\/2013\/06\/26\/tarta-malinowo-czekoladowa\/","title":{"rendered":"Tarta malinowo-czekoladowa"},"content":{"rendered":"<p><em>Na ciasto: 3\/4 szklanki m\u0105ki, 3 \u0142y\u017cki cukru pudru, \u0142y\u017cka kakao, 10 dag zimnego mas\u0142a, \u017c\u00f3\u0142tko, szczypta soli<br \/>\nDo posmarowania formy: \u0142y\u017ceczka mas\u0142a<br \/>\nNa mas\u0119:15 dag gorzkiej czekolady, szklanka i 1\/4 szklanki \u015bmietany krem\u00f3wki (30-proc. ), 50 dag malin, cukier puder do dekoracji<\/em><\/p>\n<p>1. Wymiesza\u0107 m\u0105k\u0119 z cukrem pudrem i sol\u0105 oraz z proszkiem kakao, doda\u0107 zimne mas\u0142o i starannie posieka\u0107, doda\u0107 \u017c\u00f3\u0142tko i zagnie\u015b\u0107 ciasto, umie\u015bci\u0107 je na godzin\u0119 w lod\u00f3wce.<br \/>\n2. Po wyj\u0119ciu z lod\u00f3wki roz\u0142o\u017cy\u0107 w posmarowanej mas\u0142em formie do tart, piec 20 minut w nagrzanym do 180 st. C piekarniku.<br \/>\n3. Czekolad\u0119 zetrze\u0107 i wymiesza\u0107 z 1\/4 szklanki \u015bmietany, podgrzewa\u0107 z w garnuszku a\u017c czekolada si\u0119 rozpu\u015bci. Ostudzi\u0107.<br \/>\n4. Ubi\u0107 2 \u017c\u00f3\u0142tka ze \u015bmietan\u0105 na puszysty krem i wymiesza\u0107 bardzo delikatnie z och\u0142odzon\u0105 czekolad\u0105,  tak przygotowany krem rozprowadzi\u0107 na ostudzonym cie\u015bcie, na wierzchu u\u0142o\u017cy\u0107 maliny i na 3 godziny wstawi\u0107 do lod\u00f3wki.<br \/>\n5. Przed podaniem leciutko posypa\u0107 cukrem pudrem przez sitko. <\/p>\n","protected":false},"excerpt":{"rendered":"<p>Na ciasto: 3\/4 szklanki m\u0105ki, 3 \u0142y\u017cki cukru pudru, \u0142y\u017cka kakao, 10 dag zimnego mas\u0142a, \u017c\u00f3\u0142tko, szczypta soli Do posmarowania formy: \u0142y\u017ceczka mas\u0142a Na mas\u0119:15 dag gorzkiej czekolady, szklanka i 1\/4 szklanki \u015bmietany krem\u00f3wki (30-proc. ), 50 dag malin, cukier puder do dekoracji 1. Wymiesza\u0107 m\u0105k\u0119 z cukrem pudrem i sol\u0105 oraz z proszkiem kakao, [&hellip;]<\/p>\n","protected":false},"author":2,"featured_media":0,"comment_status":"open","ping_status":"open","sticky":false,"template":"","format":"standard","meta":{"footnotes":""},"categories":[1],"tags":[],"_links":{"self":[{"href":"https:\/\/blog.polityka.pl\/adamczewski\/wp-json\/wp\/v2\/posts\/11387"}],"collection":[{"href":"https:\/\/blog.polityka.pl\/adamczewski\/wp-json\/wp\/v2\/posts"}],"about":[{"href":"https:\/\/blog.polityka.pl\/adamczewski\/wp-json\/wp\/v2\/types\/post"}],"author":[{"embeddable":true,"href":"https:\/\/blog.polityka.pl\/adamczewski\/wp-json\/wp\/v2\/users\/2"}],"replies":[{"embeddable":true,"href":"https:\/\/blog.polityka.pl\/adamczewski\/wp-json\/wp\/v2\/comments?post=11387"}],"version-history":[{"count":0,"href":"https:\/\/blog.polityka.pl\/adamczewski\/wp-json\/wp\/v2\/posts\/11387\/revisions"}],"wp:attachment":[{"href":"https:\/\/blog.polityka.pl\/adamczewski\/wp-json\/wp\/v2\/media?parent=11387"}],"wp:term":[{"taxonomy":"category","embeddable":true,"href":"https:\/\/blog.polityka.pl\/adamczewski\/wp-json\/wp\/v2\/categories?post=11387"},{"taxonomy":"post_tag","embeddable":true,"href":"https:\/\/blog.polityka.pl\/adamczewski\/wp-json\/wp\/v2\/tags?post=11387"}],"curies":[{"name":"wp","href":"https:\/\/api.w.org\/{rel}","templated":true}]}}