
{"id":11389,"date":"2013-06-26T02:40:53","date_gmt":"2013-06-26T01:40:53","guid":{"rendered":"http:\/\/adamczewscy.pl\/?p=4895"},"modified":"2013-06-26T02:40:53","modified_gmt":"2013-06-26T01:40:53","slug":"spaghetti-ze-szpinakiem","status":"publish","type":"post","link":"https:\/\/blog.polityka.pl\/adamczewski\/2013\/06\/26\/spaghetti-ze-szpinakiem\/","title":{"rendered":"Spaghetti ze szpinakiem"},"content":{"rendered":"<p><em>3\/4 paczki spaghetti, 50 dag \u015bwie\u017cego szpinaku lub mro\u017conego w li\u015bciach, 20 dag gorgonzoli lub rokpolu, 1\/2 szklanki \u015bmietanki 12-proc., 5 \u0142y\u017cek siekanych orzech\u00f3w w\u0142oskich, 2 z\u0105bki czosnku, 2 \u0142y\u017cki oleju, s\u00f3l, pieprz<\/em><\/p>\n<p>1. Szpinak \u015bwie\u017cy oczy\u015bci\u0107 i os\u0105czy\u0107, mro\u017cony rozmrozi\u0107 i tak\u017ce os\u0105czy\u0107 z nadmiaru wody.<br \/>\n2. Na patelni rozgrza\u0107 olej, wrzuci\u0107 szpinak i pod pokrywk\u0105 grza\u0107 na wolnym ogniu oko\u0142o 4 minuty, a\u017c listki zmi\u0119kn\u0105.<br \/>\n3. Do szpinaku doda\u0107 \u015bmietan\u0119, doprawi\u0107 posiekanym czosnkiem i sol\u0105 oraz pieprzem i wymiesza\u0107, doda\u0107 pokojony w kostk\u0119 ser i kr\u00f3tko zagotowa\u0107.<br \/>\n4. Upra\u017cy\u0107 orzechy na suchej patelni i doda\u0107 do sosu.<br \/>\n5. Ugotowa\u0107 spaghetti zgodnie ze wskaz\u00f3wkami producenta, odcedzi\u0107, doda\u0107 do sosu i wymiesza\u0107 przy pomocy dw\u00f3ch widelc\u00f3w. <\/p>\n","protected":false},"excerpt":{"rendered":"<p>3\/4 paczki spaghetti, 50 dag \u015bwie\u017cego szpinaku lub mro\u017conego w li\u015bciach, 20 dag gorgonzoli lub rokpolu, 1\/2 szklanki \u015bmietanki 12-proc., 5 \u0142y\u017cek siekanych orzech\u00f3w w\u0142oskich, 2 z\u0105bki czosnku, 2 \u0142y\u017cki oleju, s\u00f3l, pieprz 1. Szpinak \u015bwie\u017cy oczy\u015bci\u0107 i os\u0105czy\u0107, mro\u017cony rozmrozi\u0107 i tak\u017ce os\u0105czy\u0107 z nadmiaru wody. 2. Na patelni rozgrza\u0107 olej, wrzuci\u0107 szpinak i [&hellip;]<\/p>\n","protected":false},"author":2,"featured_media":0,"comment_status":"open","ping_status":"open","sticky":false,"template":"","format":"standard","meta":{"footnotes":""},"categories":[1],"tags":[],"_links":{"self":[{"href":"https:\/\/blog.polityka.pl\/adamczewski\/wp-json\/wp\/v2\/posts\/11389"}],"collection":[{"href":"https:\/\/blog.polityka.pl\/adamczewski\/wp-json\/wp\/v2\/posts"}],"about":[{"href":"https:\/\/blog.polityka.pl\/adamczewski\/wp-json\/wp\/v2\/types\/post"}],"author":[{"embeddable":true,"href":"https:\/\/blog.polityka.pl\/adamczewski\/wp-json\/wp\/v2\/users\/2"}],"replies":[{"embeddable":true,"href":"https:\/\/blog.polityka.pl\/adamczewski\/wp-json\/wp\/v2\/comments?post=11389"}],"version-history":[{"count":0,"href":"https:\/\/blog.polityka.pl\/adamczewski\/wp-json\/wp\/v2\/posts\/11389\/revisions"}],"wp:attachment":[{"href":"https:\/\/blog.polityka.pl\/adamczewski\/wp-json\/wp\/v2\/media?parent=11389"}],"wp:term":[{"taxonomy":"category","embeddable":true,"href":"https:\/\/blog.polityka.pl\/adamczewski\/wp-json\/wp\/v2\/categories?post=11389"},{"taxonomy":"post_tag","embeddable":true,"href":"https:\/\/blog.polityka.pl\/adamczewski\/wp-json\/wp\/v2\/tags?post=11389"}],"curies":[{"name":"wp","href":"https:\/\/api.w.org\/{rel}","templated":true}]}}