
{"id":11390,"date":"2013-06-26T02:41:31","date_gmt":"2013-06-26T01:41:31","guid":{"rendered":"http:\/\/adamczewscy.pl\/?p=4897"},"modified":"2013-06-26T02:41:31","modified_gmt":"2013-06-26T01:41:31","slug":"spaghetti-z-wedzonym-lososiem","status":"publish","type":"post","link":"https:\/\/blog.polityka.pl\/adamczewski\/2013\/06\/26\/spaghetti-z-wedzonym-lososiem\/","title":{"rendered":"Spaghetti z w\u0119dzonym \u0142ososiem"},"content":{"rendered":"<p><em>3\/4 opakowania makaronu spaghetti, 15 dag w\u0119dzonego \u0142ososia, 5 z\u0105bk\u00f3w czosnku, 2 \u0142y\u017cki oliwy z oliwek, \u0142y\u017cka pokrojonej w drobniutkie paseczki sk\u00f3rki cytrynowej,  2 \u0142y\u017cki  \u015bmietany, kilka ga\u0142\u0105zek \u015bwie\u017cego tymianku, s\u00f3l<\/em><\/p>\n<p>1. Zagotowa\u0107 w du\u017cym garnku osolon\u0105 wod\u0119 na makaron. Kiedy zawrze wrzuci\u0107 makaron i gotowa\u0107 sugerowan\u0105 przez producenta ilo\u015b\u0107 minut.<br \/>\n2. Tymczasem na patelni rozgrza\u0107 oliw\u0119, doda\u0107 przeci\u015bni\u0119ty przez prask\u0119 czosnek i chwil\u0119 sma\u017cy\u0107 mieszaj\u0105c. Doda\u0107 pokrojonego w kawa\u0142ki \u0142ososia, chwil\u0119 podgrzewa\u0107, doda\u0107 \u015bmietan\u0119, wymiesza\u0107..<br \/>\n3. Odcedzi\u0107 makaron, prze\u0142o\u017cy\u0107 do patelni\u0119 z oliw\u0105 i \u0142ososiem, starannie wymiesza\u0107, posypa\u0107 po wierzchu sk\u00f3rk\u0105 cytrynow\u0105. Udekorowa\u0107 ga\u0142\u0105zkami tymianku. <\/p>\n","protected":false},"excerpt":{"rendered":"<p>3\/4 opakowania makaronu spaghetti, 15 dag w\u0119dzonego \u0142ososia, 5 z\u0105bk\u00f3w czosnku, 2 \u0142y\u017cki oliwy z oliwek, \u0142y\u017cka pokrojonej w drobniutkie paseczki sk\u00f3rki cytrynowej, 2 \u0142y\u017cki \u015bmietany, kilka ga\u0142\u0105zek \u015bwie\u017cego tymianku, s\u00f3l 1. Zagotowa\u0107 w du\u017cym garnku osolon\u0105 wod\u0119 na makaron. Kiedy zawrze wrzuci\u0107 makaron i gotowa\u0107 sugerowan\u0105 przez producenta ilo\u015b\u0107 minut. 2. Tymczasem na patelni [&hellip;]<\/p>\n","protected":false},"author":2,"featured_media":0,"comment_status":"open","ping_status":"open","sticky":false,"template":"","format":"standard","meta":{"footnotes":""},"categories":[1],"tags":[],"_links":{"self":[{"href":"https:\/\/blog.polityka.pl\/adamczewski\/wp-json\/wp\/v2\/posts\/11390"}],"collection":[{"href":"https:\/\/blog.polityka.pl\/adamczewski\/wp-json\/wp\/v2\/posts"}],"about":[{"href":"https:\/\/blog.polityka.pl\/adamczewski\/wp-json\/wp\/v2\/types\/post"}],"author":[{"embeddable":true,"href":"https:\/\/blog.polityka.pl\/adamczewski\/wp-json\/wp\/v2\/users\/2"}],"replies":[{"embeddable":true,"href":"https:\/\/blog.polityka.pl\/adamczewski\/wp-json\/wp\/v2\/comments?post=11390"}],"version-history":[{"count":0,"href":"https:\/\/blog.polityka.pl\/adamczewski\/wp-json\/wp\/v2\/posts\/11390\/revisions"}],"wp:attachment":[{"href":"https:\/\/blog.polityka.pl\/adamczewski\/wp-json\/wp\/v2\/media?parent=11390"}],"wp:term":[{"taxonomy":"category","embeddable":true,"href":"https:\/\/blog.polityka.pl\/adamczewski\/wp-json\/wp\/v2\/categories?post=11390"},{"taxonomy":"post_tag","embeddable":true,"href":"https:\/\/blog.polityka.pl\/adamczewski\/wp-json\/wp\/v2\/tags?post=11390"}],"curies":[{"name":"wp","href":"https:\/\/api.w.org\/{rel}","templated":true}]}}