
{"id":11391,"date":"2013-06-26T02:42:20","date_gmt":"2013-06-26T01:42:20","guid":{"rendered":"http:\/\/adamczewscy.pl\/?p=4899"},"modified":"2013-06-26T02:42:20","modified_gmt":"2013-06-26T01:42:20","slug":"poledwiczki-w-ciescie","status":"publish","type":"post","link":"https:\/\/blog.polityka.pl\/adamczewski\/2013\/06\/26\/poledwiczki-w-ciescie\/","title":{"rendered":"Pol\u0119dwiczki w cie\u015bcie"},"content":{"rendered":"<p><em>2 pol\u0119dwiczki wieprzowe, 4 z\u0105bki czosnku, 2 \u0142y\u017cki musztardy, 2 \u0142y\u017cki oleju, s\u00f3l, pieprz<br \/>\nNa ciasto: 1,5 szklani m\u0105ki, 20 dag mas\u0142a, 1\/2 szklanki \u015bmietany, jajko, 3 \u017c\u00f3\u0142tka, s\u00f3l<\/em><\/p>\n<p>1. M\u0105k\u0119 posieka\u0107 z zimnym mas\u0142em, doda\u0107 \u017c\u00f3\u0142tka, s\u00f3l i \u015bmietan\u0119 i szybko zagnie\u015b\u0107 ciasto. Uformowa\u0107 kul\u0119 i w plastikowym woreczku schowa\u0107 do lod\u00f3wki na godzin\u0119.<br \/>\n2. Czosnek posieka\u0107 i utrze\u0107 z sol\u0105, po czym mieszank\u0105 t\u0105 posmarowa\u0107 umyte i wysuszone pol\u0119dwiczki.<br \/>\n3. Na patelni rozgrza\u0107 olej i obsma\u017cy\u0107 pol\u0119dwiczki ze wszystkich stron na rumiano.<br \/>\n4. Wyj\u0119te z lod\u00f3wki ciasto rozwa\u0142kowa\u0107 do\u015b\u0107 cienko, posmarowa\u0107 roztrzepanym jajkiem, na \u015brodku p\u0142ata ciasta u\u0142o\u017cy\u0107 pol\u0119dwiczki jedn\u0105 obok drugiej, owin\u0105\u0107 do\u015b\u0107 \u015bcis\u0142o ciastem. Piec w temperaturze 220 st. C oko\u0142o 35 minut. <\/p>\n","protected":false},"excerpt":{"rendered":"<p>2 pol\u0119dwiczki wieprzowe, 4 z\u0105bki czosnku, 2 \u0142y\u017cki musztardy, 2 \u0142y\u017cki oleju, s\u00f3l, pieprz Na ciasto: 1,5 szklani m\u0105ki, 20 dag mas\u0142a, 1\/2 szklanki \u015bmietany, jajko, 3 \u017c\u00f3\u0142tka, s\u00f3l 1. M\u0105k\u0119 posieka\u0107 z zimnym mas\u0142em, doda\u0107 \u017c\u00f3\u0142tka, s\u00f3l i \u015bmietan\u0119 i szybko zagnie\u015b\u0107 ciasto. Uformowa\u0107 kul\u0119 i w plastikowym woreczku schowa\u0107 do lod\u00f3wki na godzin\u0119. [&hellip;]<\/p>\n","protected":false},"author":2,"featured_media":0,"comment_status":"open","ping_status":"open","sticky":false,"template":"","format":"standard","meta":{"footnotes":""},"categories":[1],"tags":[],"_links":{"self":[{"href":"https:\/\/blog.polityka.pl\/adamczewski\/wp-json\/wp\/v2\/posts\/11391"}],"collection":[{"href":"https:\/\/blog.polityka.pl\/adamczewski\/wp-json\/wp\/v2\/posts"}],"about":[{"href":"https:\/\/blog.polityka.pl\/adamczewski\/wp-json\/wp\/v2\/types\/post"}],"author":[{"embeddable":true,"href":"https:\/\/blog.polityka.pl\/adamczewski\/wp-json\/wp\/v2\/users\/2"}],"replies":[{"embeddable":true,"href":"https:\/\/blog.polityka.pl\/adamczewski\/wp-json\/wp\/v2\/comments?post=11391"}],"version-history":[{"count":0,"href":"https:\/\/blog.polityka.pl\/adamczewski\/wp-json\/wp\/v2\/posts\/11391\/revisions"}],"wp:attachment":[{"href":"https:\/\/blog.polityka.pl\/adamczewski\/wp-json\/wp\/v2\/media?parent=11391"}],"wp:term":[{"taxonomy":"category","embeddable":true,"href":"https:\/\/blog.polityka.pl\/adamczewski\/wp-json\/wp\/v2\/categories?post=11391"},{"taxonomy":"post_tag","embeddable":true,"href":"https:\/\/blog.polityka.pl\/adamczewski\/wp-json\/wp\/v2\/tags?post=11391"}],"curies":[{"name":"wp","href":"https:\/\/api.w.org\/{rel}","templated":true}]}}