
{"id":11392,"date":"2013-06-26T02:43:08","date_gmt":"2013-06-26T01:43:08","guid":{"rendered":"http:\/\/adamczewscy.pl\/?p=4901"},"modified":"2013-06-26T02:43:08","modified_gmt":"2013-06-26T01:43:08","slug":"kalafiorowy-krem-z-curry","status":"publish","type":"post","link":"https:\/\/blog.polityka.pl\/adamczewski\/2013\/06\/26\/kalafiorowy-krem-z-curry\/","title":{"rendered":"Kalafiorowy krem z curry"},"content":{"rendered":"<p><em>3 szklanki bulionu warzywnego lub wywaru, 1, 5 szklanki mleka, \u015bredni kalafior, 2 spore ziemniaki, \u015brednia cebula, 2 z\u0105bki czosnku, 2 \u0142y\u017cki oleju, \u0142y\u017cka curry w proszku, s\u00f3l, do przybrania posiekany szczypiorek<\/em><\/p>\n<p>1. Rozgrza\u0107 olej w garnku, doda\u0107 cebul\u0119 i drobno posiekany czosnek. Zeszkli\u0107.<br \/>\n2. Ziemniaki obra\u0107 i pokroi\u0107 w kostk\u0119. Kalafior podzieli\u0107 na drobne r\u00f3\u017cyczki. Doda\u0107 do cebuli i czosnku.<br \/>\n3. Do garnka wla\u0107 wywar lub bulion, doda\u0107 troch\u0119 soli i gotowa\u0107 oko\u0142o 45 minut. Warzywa powinny by\u0107 zupe\u0142nie rozgotowane.<br \/>\n4. Do zupy doda\u0107 curry i zmiksowana g\u0142adki krem. Poda\u0107 krem w bulion\u00f3wkach, posypany siekanym szczypiorkiem. <\/p>\n","protected":false},"excerpt":{"rendered":"<p>3 szklanki bulionu warzywnego lub wywaru, 1, 5 szklanki mleka, \u015bredni kalafior, 2 spore ziemniaki, \u015brednia cebula, 2 z\u0105bki czosnku, 2 \u0142y\u017cki oleju, \u0142y\u017cka curry w proszku, s\u00f3l, do przybrania posiekany szczypiorek 1. Rozgrza\u0107 olej w garnku, doda\u0107 cebul\u0119 i drobno posiekany czosnek. Zeszkli\u0107. 2. Ziemniaki obra\u0107 i pokroi\u0107 w kostk\u0119. Kalafior podzieli\u0107 na drobne [&hellip;]<\/p>\n","protected":false},"author":2,"featured_media":0,"comment_status":"open","ping_status":"open","sticky":false,"template":"","format":"standard","meta":{"footnotes":""},"categories":[1],"tags":[],"_links":{"self":[{"href":"https:\/\/blog.polityka.pl\/adamczewski\/wp-json\/wp\/v2\/posts\/11392"}],"collection":[{"href":"https:\/\/blog.polityka.pl\/adamczewski\/wp-json\/wp\/v2\/posts"}],"about":[{"href":"https:\/\/blog.polityka.pl\/adamczewski\/wp-json\/wp\/v2\/types\/post"}],"author":[{"embeddable":true,"href":"https:\/\/blog.polityka.pl\/adamczewski\/wp-json\/wp\/v2\/users\/2"}],"replies":[{"embeddable":true,"href":"https:\/\/blog.polityka.pl\/adamczewski\/wp-json\/wp\/v2\/comments?post=11392"}],"version-history":[{"count":0,"href":"https:\/\/blog.polityka.pl\/adamczewski\/wp-json\/wp\/v2\/posts\/11392\/revisions"}],"wp:attachment":[{"href":"https:\/\/blog.polityka.pl\/adamczewski\/wp-json\/wp\/v2\/media?parent=11392"}],"wp:term":[{"taxonomy":"category","embeddable":true,"href":"https:\/\/blog.polityka.pl\/adamczewski\/wp-json\/wp\/v2\/categories?post=11392"},{"taxonomy":"post_tag","embeddable":true,"href":"https:\/\/blog.polityka.pl\/adamczewski\/wp-json\/wp\/v2\/tags?post=11392"}],"curies":[{"name":"wp","href":"https:\/\/api.w.org\/{rel}","templated":true}]}}