
{"id":11394,"date":"2013-07-11T17:07:06","date_gmt":"2013-07-11T16:07:06","guid":{"rendered":"http:\/\/adamczewscy.pl\/?p=4911"},"modified":"2013-07-11T17:07:06","modified_gmt":"2013-07-11T16:07:06","slug":"pstragi-w-winie-i-ziolach","status":"publish","type":"post","link":"https:\/\/blog.polityka.pl\/adamczewski\/2013\/07\/11\/pstragi-w-winie-i-ziolach\/","title":{"rendered":"Pstr\u0105gi w winie i zio\u0142ach"},"content":{"rendered":"<p><em>4 pstr\u0105gi, s\u00f3l, mielony pieprz,4 \u0142y\u017cki m\u0105ki, szklanka posiekanych zi\u00f3\u0142: pietruszka, szczypiorek, estragon, szklanka bia\u0142ego wytrawnego wina, \u0142y\u017cka klarowanego  mas\u0142a do sma\u017cenia<\/em><\/p>\n<p>1. Oczyszczone ryby osuszy\u0107 kuchenn\u0105 papierow\u0105 \u015bciereczk\u0105 ,opr\u00f3szy\u0107 pieprzem, sol\u0105 i m\u0105k\u0105.<br \/>\n2. Na rozgrzanym na patelni ma\u015ble usma\u017cy\u0107 pstr\u0105gi z ka\u017cdej strony po 3 minuty.<br \/>\n3. Ryby na patelni posypa\u0107 siekanymi zio\u0142ami i pola\u0107 winem .Poddusi\u0107 na niewielkim ogniu przez 5 &#8211; 10 minut, aby wino w wi\u0119kszo\u015bci wyparowa\u0142o. <\/p>\n","protected":false},"excerpt":{"rendered":"<p>4 pstr\u0105gi, s\u00f3l, mielony pieprz,4 \u0142y\u017cki m\u0105ki, szklanka posiekanych zi\u00f3\u0142: pietruszka, szczypiorek, estragon, szklanka bia\u0142ego wytrawnego wina, \u0142y\u017cka klarowanego mas\u0142a do sma\u017cenia 1. Oczyszczone ryby osuszy\u0107 kuchenn\u0105 papierow\u0105 \u015bciereczk\u0105 ,opr\u00f3szy\u0107 pieprzem, sol\u0105 i m\u0105k\u0105. 2. Na rozgrzanym na patelni ma\u015ble usma\u017cy\u0107 pstr\u0105gi z ka\u017cdej strony po 3 minuty. 3. Ryby na patelni posypa\u0107 siekanymi zio\u0142ami [&hellip;]<\/p>\n","protected":false},"author":2,"featured_media":0,"comment_status":"open","ping_status":"open","sticky":false,"template":"","format":"standard","meta":{"footnotes":""},"categories":[1],"tags":[],"_links":{"self":[{"href":"https:\/\/blog.polityka.pl\/adamczewski\/wp-json\/wp\/v2\/posts\/11394"}],"collection":[{"href":"https:\/\/blog.polityka.pl\/adamczewski\/wp-json\/wp\/v2\/posts"}],"about":[{"href":"https:\/\/blog.polityka.pl\/adamczewski\/wp-json\/wp\/v2\/types\/post"}],"author":[{"embeddable":true,"href":"https:\/\/blog.polityka.pl\/adamczewski\/wp-json\/wp\/v2\/users\/2"}],"replies":[{"embeddable":true,"href":"https:\/\/blog.polityka.pl\/adamczewski\/wp-json\/wp\/v2\/comments?post=11394"}],"version-history":[{"count":0,"href":"https:\/\/blog.polityka.pl\/adamczewski\/wp-json\/wp\/v2\/posts\/11394\/revisions"}],"wp:attachment":[{"href":"https:\/\/blog.polityka.pl\/adamczewski\/wp-json\/wp\/v2\/media?parent=11394"}],"wp:term":[{"taxonomy":"category","embeddable":true,"href":"https:\/\/blog.polityka.pl\/adamczewski\/wp-json\/wp\/v2\/categories?post=11394"},{"taxonomy":"post_tag","embeddable":true,"href":"https:\/\/blog.polityka.pl\/adamczewski\/wp-json\/wp\/v2\/tags?post=11394"}],"curies":[{"name":"wp","href":"https:\/\/api.w.org\/{rel}","templated":true}]}}