
{"id":11395,"date":"2013-07-11T17:07:37","date_gmt":"2013-07-11T16:07:37","guid":{"rendered":"http:\/\/adamczewscy.pl\/?p=4913"},"modified":"2013-07-11T17:07:37","modified_gmt":"2013-07-11T16:07:37","slug":"kurczak-ze-sliwkami-2","status":"publish","type":"post","link":"https:\/\/blog.polityka.pl\/adamczewski\/2013\/07\/11\/kurczak-ze-sliwkami-2\/","title":{"rendered":"Kurczak ze \u015bliwkami"},"content":{"rendered":"<p><em>Niedu\u017cy kurczak lub 4 udka,5 cebul,20 dag suszonych \u015bliwek bez pestek,1\/2 szklanki oleju,1\/2 \u0142y\u017ceczki s\u0142odkiej mielonej papryki, s\u00f3l, pieprz<\/em><\/p>\n<p>1. \u015aliwki namoczy\u0107 w ciep\u0142ej wodzie, cebule obra\u0107 i pokroi\u0107 w grube talarki.<br \/>\n2. Kurczaka podzieli\u0107 na kawa\u0142ki, udka  pozostawi\u0107 w ca\u0142o\u015bci.<br \/>\n3. Na rozgrzanym w rondlu oleju obsma\u017cy\u0107 kawa\u0142ki kurczaka, posypa\u0107 wszystkimi przyprawami i doda\u0107 pokrojon\u0105 cebul\u0119. Dusi\u0107 wszystko razem 45 minut.<br \/>\n4. Do potrawy doda\u0107 \u015bliwki wyj\u0119te z wody i dusi\u0107 dalsze 40 minut na niewielkim ogniu.<br \/>\nPodawa\u0107 z ziemniakami z wody posypanymi koperkiem.<\/p>\n","protected":false},"excerpt":{"rendered":"<p>Niedu\u017cy kurczak lub 4 udka,5 cebul,20 dag suszonych \u015bliwek bez pestek,1\/2 szklanki oleju,1\/2 \u0142y\u017ceczki s\u0142odkiej mielonej papryki, s\u00f3l, pieprz 1. \u015aliwki namoczy\u0107 w ciep\u0142ej wodzie, cebule obra\u0107 i pokroi\u0107 w grube talarki. 2. Kurczaka podzieli\u0107 na kawa\u0142ki, udka pozostawi\u0107 w ca\u0142o\u015bci. 3. Na rozgrzanym w rondlu oleju obsma\u017cy\u0107 kawa\u0142ki kurczaka, posypa\u0107 wszystkimi przyprawami i doda\u0107 [&hellip;]<\/p>\n","protected":false},"author":2,"featured_media":0,"comment_status":"open","ping_status":"open","sticky":false,"template":"","format":"standard","meta":{"footnotes":""},"categories":[1],"tags":[],"_links":{"self":[{"href":"https:\/\/blog.polityka.pl\/adamczewski\/wp-json\/wp\/v2\/posts\/11395"}],"collection":[{"href":"https:\/\/blog.polityka.pl\/adamczewski\/wp-json\/wp\/v2\/posts"}],"about":[{"href":"https:\/\/blog.polityka.pl\/adamczewski\/wp-json\/wp\/v2\/types\/post"}],"author":[{"embeddable":true,"href":"https:\/\/blog.polityka.pl\/adamczewski\/wp-json\/wp\/v2\/users\/2"}],"replies":[{"embeddable":true,"href":"https:\/\/blog.polityka.pl\/adamczewski\/wp-json\/wp\/v2\/comments?post=11395"}],"version-history":[{"count":0,"href":"https:\/\/blog.polityka.pl\/adamczewski\/wp-json\/wp\/v2\/posts\/11395\/revisions"}],"wp:attachment":[{"href":"https:\/\/blog.polityka.pl\/adamczewski\/wp-json\/wp\/v2\/media?parent=11395"}],"wp:term":[{"taxonomy":"category","embeddable":true,"href":"https:\/\/blog.polityka.pl\/adamczewski\/wp-json\/wp\/v2\/categories?post=11395"},{"taxonomy":"post_tag","embeddable":true,"href":"https:\/\/blog.polityka.pl\/adamczewski\/wp-json\/wp\/v2\/tags?post=11395"}],"curies":[{"name":"wp","href":"https:\/\/api.w.org\/{rel}","templated":true}]}}