
{"id":11396,"date":"2013-07-11T17:08:32","date_gmt":"2013-07-11T16:08:32","guid":{"rendered":"http:\/\/adamczewscy.pl\/?p=4915"},"modified":"2013-07-11T17:08:32","modified_gmt":"2013-07-11T16:08:32","slug":"kokosowy-rulon","status":"publish","type":"post","link":"https:\/\/blog.polityka.pl\/adamczewski\/2013\/07\/11\/kokosowy-rulon\/","title":{"rendered":"Kokosowy rulon"},"content":{"rendered":"<p><em>Szklanka suchego ry\u017cu, 2 szklanki mleka, s\u00f3l, 8 \u0142y\u017cek wi\u00f3rk\u00f3w kokosowych, szklanka br\u0105zowego cukru, kawa\u0142ek wanilii<\/em><\/p>\n<p>1. 4 \u0142y\u017cki wi\u00f3rk\u00f3w zala\u0107 letnim mlekiem, po czym ods\u0105czy\u0107 na sicie, pozostawiaj\u0105c mleko.<br \/>\n2. Ry\u017c ugotowa\u0107  przez 5 minut  w du\u017cej wodzie, po czym odcedzi\u0107, zala\u0107  w rondlu mlekiem pozostawionym  po namoczeniu wi\u00f3rk\u00f3w i gotowa\u0107 mieszaj\u0105c 5 minut, po czym przykry\u0107 pokrywk\u0105 i pozostawi\u0107 do wch\u0142oni\u0119cie przez ry\u017c ca\u0142ego mleka.<br \/>\n3. Ugotowa\u0107 g\u0119sty syrop z 4 \u0142y\u017cek wody, wanilii i cukru oraz szczypty soli.<br \/>\n4. Z lekko ostudzonego ry\u017cu uformowa\u0107 wa\u0142ek, owin\u0105\u0107  foli\u0105 aluminiow\u0105 i u\u0142o\u017cy\u0107 na blaszce.<br \/>\n5. W piekarniku piec 20 minut. po czym odwin\u0105\u0107  z folii, u\u0142o\u017cy\u0107 na p\u00f3\u0142misku, pola\u0107 ugotowanym syropem i posypa\u0107  pozosta\u0142ymi wi\u00f3rkami.<\/p>\n","protected":false},"excerpt":{"rendered":"<p>Szklanka suchego ry\u017cu, 2 szklanki mleka, s\u00f3l, 8 \u0142y\u017cek wi\u00f3rk\u00f3w kokosowych, szklanka br\u0105zowego cukru, kawa\u0142ek wanilii 1. 4 \u0142y\u017cki wi\u00f3rk\u00f3w zala\u0107 letnim mlekiem, po czym ods\u0105czy\u0107 na sicie, pozostawiaj\u0105c mleko. 2. Ry\u017c ugotowa\u0107 przez 5 minut w du\u017cej wodzie, po czym odcedzi\u0107, zala\u0107 w rondlu mlekiem pozostawionym po namoczeniu wi\u00f3rk\u00f3w i gotowa\u0107 mieszaj\u0105c 5 minut, [&hellip;]<\/p>\n","protected":false},"author":2,"featured_media":0,"comment_status":"open","ping_status":"open","sticky":false,"template":"","format":"standard","meta":{"footnotes":""},"categories":[1],"tags":[],"_links":{"self":[{"href":"https:\/\/blog.polityka.pl\/adamczewski\/wp-json\/wp\/v2\/posts\/11396"}],"collection":[{"href":"https:\/\/blog.polityka.pl\/adamczewski\/wp-json\/wp\/v2\/posts"}],"about":[{"href":"https:\/\/blog.polityka.pl\/adamczewski\/wp-json\/wp\/v2\/types\/post"}],"author":[{"embeddable":true,"href":"https:\/\/blog.polityka.pl\/adamczewski\/wp-json\/wp\/v2\/users\/2"}],"replies":[{"embeddable":true,"href":"https:\/\/blog.polityka.pl\/adamczewski\/wp-json\/wp\/v2\/comments?post=11396"}],"version-history":[{"count":0,"href":"https:\/\/blog.polityka.pl\/adamczewski\/wp-json\/wp\/v2\/posts\/11396\/revisions"}],"wp:attachment":[{"href":"https:\/\/blog.polityka.pl\/adamczewski\/wp-json\/wp\/v2\/media?parent=11396"}],"wp:term":[{"taxonomy":"category","embeddable":true,"href":"https:\/\/blog.polityka.pl\/adamczewski\/wp-json\/wp\/v2\/categories?post=11396"},{"taxonomy":"post_tag","embeddable":true,"href":"https:\/\/blog.polityka.pl\/adamczewski\/wp-json\/wp\/v2\/tags?post=11396"}],"curies":[{"name":"wp","href":"https:\/\/api.w.org\/{rel}","templated":true}]}}