
{"id":11397,"date":"2013-07-11T17:09:29","date_gmt":"2013-07-11T16:09:29","guid":{"rendered":"http:\/\/adamczewscy.pl\/?p=4917"},"modified":"2013-07-11T17:09:29","modified_gmt":"2013-07-11T16:09:29","slug":"klopsiki-rybne-zapieczone","status":"publish","type":"post","link":"https:\/\/blog.polityka.pl\/adamczewski\/2013\/07\/11\/klopsiki-rybne-zapieczone\/","title":{"rendered":"Klopsiki rybne zapieczone"},"content":{"rendered":"<p><em>75 dag tuszek z dorsza, 3\/4 szklanki tartej bu\u0142ki, 2 cebule, 2 jajka, 2 \u0142y\u017cki mas\u0142a, 4 kopiaste \u0142y\u017cki posiekanej zielonej pietruszki, s\u00f3l, pieprz, cukier do smaku, 2 &#8211; 3 \u0142y\u017cki oleju<\/em><\/p>\n<p>1. Ryby sprawi\u0107, wyfiletowa\u0107.<br \/>\n2. Obra\u0107 cebule i wraz z filetami z ryby posieka\u0107  do\u015b\u0107 drobno no\u017cem, prze\u0142o\u017cy\u0107 do miski i rozetrze\u0107 mas\u0119 rybno cebulow\u0105 drewnian\u0105 \u0142y\u017ck\u0105, dodaj\u0105c mas\u0142o, jaja i bu\u0142k\u0119 tart\u0105 oraz posiekan\u0105 zielon\u0105 pietruszk\u0119. Doda\u0107 s\u00f3l, pieprz i szczypt\u0119 cukru.<br \/>\n3. Z masy formowa\u0107 niewielkie klopsiki, posmarowa\u0107 je olejem i u\u0142o\u017cy\u0107 na posmarowanej tak\u017ce olejem blaszce.<br \/>\n4. W piekarniku nagrzanym do 180 st. C piec klopsiki oko\u0142o 30 minut.<br \/>\nPodawa\u0107 z ziemniakami z wody z koperkiem i zielon\u0105 sa\u0142at\u0105.<\/p>\n","protected":false},"excerpt":{"rendered":"<p>75 dag tuszek z dorsza, 3\/4 szklanki tartej bu\u0142ki, 2 cebule, 2 jajka, 2 \u0142y\u017cki mas\u0142a, 4 kopiaste \u0142y\u017cki posiekanej zielonej pietruszki, s\u00f3l, pieprz, cukier do smaku, 2 &#8211; 3 \u0142y\u017cki oleju 1. Ryby sprawi\u0107, wyfiletowa\u0107. 2. Obra\u0107 cebule i wraz z filetami z ryby posieka\u0107 do\u015b\u0107 drobno no\u017cem, prze\u0142o\u017cy\u0107 do miski i rozetrze\u0107 mas\u0119 [&hellip;]<\/p>\n","protected":false},"author":2,"featured_media":0,"comment_status":"open","ping_status":"open","sticky":false,"template":"","format":"standard","meta":{"footnotes":""},"categories":[1],"tags":[],"_links":{"self":[{"href":"https:\/\/blog.polityka.pl\/adamczewski\/wp-json\/wp\/v2\/posts\/11397"}],"collection":[{"href":"https:\/\/blog.polityka.pl\/adamczewski\/wp-json\/wp\/v2\/posts"}],"about":[{"href":"https:\/\/blog.polityka.pl\/adamczewski\/wp-json\/wp\/v2\/types\/post"}],"author":[{"embeddable":true,"href":"https:\/\/blog.polityka.pl\/adamczewski\/wp-json\/wp\/v2\/users\/2"}],"replies":[{"embeddable":true,"href":"https:\/\/blog.polityka.pl\/adamczewski\/wp-json\/wp\/v2\/comments?post=11397"}],"version-history":[{"count":0,"href":"https:\/\/blog.polityka.pl\/adamczewski\/wp-json\/wp\/v2\/posts\/11397\/revisions"}],"wp:attachment":[{"href":"https:\/\/blog.polityka.pl\/adamczewski\/wp-json\/wp\/v2\/media?parent=11397"}],"wp:term":[{"taxonomy":"category","embeddable":true,"href":"https:\/\/blog.polityka.pl\/adamczewski\/wp-json\/wp\/v2\/categories?post=11397"},{"taxonomy":"post_tag","embeddable":true,"href":"https:\/\/blog.polityka.pl\/adamczewski\/wp-json\/wp\/v2\/tags?post=11397"}],"curies":[{"name":"wp","href":"https:\/\/api.w.org\/{rel}","templated":true}]}}