
{"id":11398,"date":"2013-07-11T17:10:12","date_gmt":"2013-07-11T16:10:12","guid":{"rendered":"http:\/\/adamczewscy.pl\/?p=4919"},"modified":"2013-07-11T17:10:12","modified_gmt":"2013-07-11T16:10:12","slug":"biszkopt-bialkowy","status":"publish","type":"post","link":"https:\/\/blog.polityka.pl\/adamczewski\/2013\/07\/11\/biszkopt-bialkowy\/","title":{"rendered":"Biszkopt bia\u0142kowy"},"content":{"rendered":"<p><em>6 bia\u0142ek, 3 \u0142y\u017cki m\u0105ki, 1\/2 szklanki cukru, cukier waniliowy, \u0142y\u017ceczka mas\u0142a i papier do wypiek\u00f3w<\/em><\/p>\n<p>1. Mak\u0119 przesia\u0107 przez sito, wymiesza\u0107 z cukrem i cukrem waniliowym.<br \/>\n2. Ubi\u0107 bardzo sztywn\u0105 pian\u0119  z bia\u0142ek, doda\u0107 m\u0105k\u0119 z cukrem i wymiesza\u0107.<br \/>\n3. Foremk\u0119 wy\u0142o\u017cy\u0107 posmarowanym mas\u0142em papierem do wypiek\u00f3w, przela\u0107  do niej ciasto .<br \/>\n4. W piekarniku nagrzanym do 170 &#8211; 180 st. C piec biszkopt 35 &#8211; 40minut.<\/p>\n","protected":false},"excerpt":{"rendered":"<p>6 bia\u0142ek, 3 \u0142y\u017cki m\u0105ki, 1\/2 szklanki cukru, cukier waniliowy, \u0142y\u017ceczka mas\u0142a i papier do wypiek\u00f3w 1. Mak\u0119 przesia\u0107 przez sito, wymiesza\u0107 z cukrem i cukrem waniliowym. 2. Ubi\u0107 bardzo sztywn\u0105 pian\u0119 z bia\u0142ek, doda\u0107 m\u0105k\u0119 z cukrem i wymiesza\u0107. 3. Foremk\u0119 wy\u0142o\u017cy\u0107 posmarowanym mas\u0142em papierem do wypiek\u00f3w, przela\u0107 do niej ciasto . 4. W [&hellip;]<\/p>\n","protected":false},"author":2,"featured_media":0,"comment_status":"open","ping_status":"open","sticky":false,"template":"","format":"standard","meta":{"footnotes":""},"categories":[1],"tags":[],"_links":{"self":[{"href":"https:\/\/blog.polityka.pl\/adamczewski\/wp-json\/wp\/v2\/posts\/11398"}],"collection":[{"href":"https:\/\/blog.polityka.pl\/adamczewski\/wp-json\/wp\/v2\/posts"}],"about":[{"href":"https:\/\/blog.polityka.pl\/adamczewski\/wp-json\/wp\/v2\/types\/post"}],"author":[{"embeddable":true,"href":"https:\/\/blog.polityka.pl\/adamczewski\/wp-json\/wp\/v2\/users\/2"}],"replies":[{"embeddable":true,"href":"https:\/\/blog.polityka.pl\/adamczewski\/wp-json\/wp\/v2\/comments?post=11398"}],"version-history":[{"count":0,"href":"https:\/\/blog.polityka.pl\/adamczewski\/wp-json\/wp\/v2\/posts\/11398\/revisions"}],"wp:attachment":[{"href":"https:\/\/blog.polityka.pl\/adamczewski\/wp-json\/wp\/v2\/media?parent=11398"}],"wp:term":[{"taxonomy":"category","embeddable":true,"href":"https:\/\/blog.polityka.pl\/adamczewski\/wp-json\/wp\/v2\/categories?post=11398"},{"taxonomy":"post_tag","embeddable":true,"href":"https:\/\/blog.polityka.pl\/adamczewski\/wp-json\/wp\/v2\/tags?post=11398"}],"curies":[{"name":"wp","href":"https:\/\/api.w.org\/{rel}","templated":true}]}}