
{"id":11400,"date":"2013-07-18T15:05:56","date_gmt":"2013-07-18T14:05:56","guid":{"rendered":"http:\/\/adamczewscy.pl\/?p=4927"},"modified":"2013-07-18T15:05:56","modified_gmt":"2013-07-18T14:05:56","slug":"zupa-krem-z-kurek","status":"publish","type":"post","link":"https:\/\/blog.polityka.pl\/adamczewski\/2013\/07\/18\/zupa-krem-z-kurek\/","title":{"rendered":"Zupa krem z kurek"},"content":{"rendered":"<p><em>60 dag kurek, 2 cebule, 2 \u0142y\u017cki mas\u0142a, \u0142y\u017cka m\u0105ki, 4 szklanki bulionu warzywnego (z kostki), szklanka \u015bmietany 30-proc., 2 \u0142y\u017cki siekanej zielonej pietruszki, 4 \u0142y\u017cki p\u0142atk\u00f3w z parmezanu, s\u00f3l, bia\u0142y pieprz<\/em><\/p>\n<p>1. Oczy\u015bci\u0107 kurki, cebule obra\u0107 i posieka\u0107.<br \/>\n2. W garnku rozgrza\u0107 mas\u0142o, doda\u0107 posiekane cebule, podsma\u017cy\u0107 i doda\u0107 grzyby, sma\u017cy\u0107 minut\u0119, po czym wla\u0107 bulion.<br \/>\n3. Po zagotowaniu zupy gotowa\u0107 j\u0105  jeszcze 10 minut. Kilka kurek wyj\u0105\u0107, pozosta\u0142e pozostawi\u0107  w zupie. Zup\u0119   dok\u0142adnie zmiksowa\u0107.<br \/>\n4. Do zmiksowanej  zupy doda\u0107 \u015bmietan\u0119, s\u00f3l i pieprz, wyj\u0119te uprzednio kurki. Podawa\u0107 zup\u0119 posypan\u0105 siekan\u0105 zielona pietruszk\u0105 i p\u0142atkami parmezanu.<\/p>\n","protected":false},"excerpt":{"rendered":"<p>60 dag kurek, 2 cebule, 2 \u0142y\u017cki mas\u0142a, \u0142y\u017cka m\u0105ki, 4 szklanki bulionu warzywnego (z kostki), szklanka \u015bmietany 30-proc., 2 \u0142y\u017cki siekanej zielonej pietruszki, 4 \u0142y\u017cki p\u0142atk\u00f3w z parmezanu, s\u00f3l, bia\u0142y pieprz 1. Oczy\u015bci\u0107 kurki, cebule obra\u0107 i posieka\u0107. 2. W garnku rozgrza\u0107 mas\u0142o, doda\u0107 posiekane cebule, podsma\u017cy\u0107 i doda\u0107 grzyby, sma\u017cy\u0107 minut\u0119, po czym [&hellip;]<\/p>\n","protected":false},"author":2,"featured_media":0,"comment_status":"open","ping_status":"open","sticky":false,"template":"","format":"standard","meta":{"footnotes":""},"categories":[1],"tags":[],"_links":{"self":[{"href":"https:\/\/blog.polityka.pl\/adamczewski\/wp-json\/wp\/v2\/posts\/11400"}],"collection":[{"href":"https:\/\/blog.polityka.pl\/adamczewski\/wp-json\/wp\/v2\/posts"}],"about":[{"href":"https:\/\/blog.polityka.pl\/adamczewski\/wp-json\/wp\/v2\/types\/post"}],"author":[{"embeddable":true,"href":"https:\/\/blog.polityka.pl\/adamczewski\/wp-json\/wp\/v2\/users\/2"}],"replies":[{"embeddable":true,"href":"https:\/\/blog.polityka.pl\/adamczewski\/wp-json\/wp\/v2\/comments?post=11400"}],"version-history":[{"count":0,"href":"https:\/\/blog.polityka.pl\/adamczewski\/wp-json\/wp\/v2\/posts\/11400\/revisions"}],"wp:attachment":[{"href":"https:\/\/blog.polityka.pl\/adamczewski\/wp-json\/wp\/v2\/media?parent=11400"}],"wp:term":[{"taxonomy":"category","embeddable":true,"href":"https:\/\/blog.polityka.pl\/adamczewski\/wp-json\/wp\/v2\/categories?post=11400"},{"taxonomy":"post_tag","embeddable":true,"href":"https:\/\/blog.polityka.pl\/adamczewski\/wp-json\/wp\/v2\/tags?post=11400"}],"curies":[{"name":"wp","href":"https:\/\/api.w.org\/{rel}","templated":true}]}}