
{"id":11401,"date":"2013-07-18T15:09:01","date_gmt":"2013-07-18T14:09:01","guid":{"rendered":"http:\/\/adamczewscy.pl\/?p=4929"},"modified":"2013-07-18T15:09:01","modified_gmt":"2013-07-18T14:09:01","slug":"makaron-z-brokulami-2","status":"publish","type":"post","link":"https:\/\/blog.polityka.pl\/adamczewski\/2013\/07\/18\/makaron-z-brokulami-2\/","title":{"rendered":"Makaron z broku\u0142ami (2)"},"content":{"rendered":"<p><em>? paczki  makaronu \u015bwiderki, broku\u0142, 2 szklanki jogurtu naturalnego kremowego,10 dag mascarpone, p\u00f3\u0142 cytryny, 2 kostki bulionu, 3 z\u0105bki czosnku, ga\u0142\u0105zka  tymianku, s\u00f3l, pieprz<\/em><\/p>\n<p>1. Zetrze\u0107 sk\u00f3rk\u0119 z cytryny. Przygotowa\u0107 sos: zmiksowa\u0107 jogurt z mascarpone, sokiem cytrynowym przeci\u015bni\u0119tym przez prask\u0119 czosnkiem, sol\u0105 i pieprzem.<br \/>\n2. Broku\u0142 podzieli\u0107 na drobne r\u00f3\u017cyczki, wrzuci\u0107 do lekko osolonej wrz\u0105cej wody i ugotowa\u0107 .Ods\u0105czy\u0107<br \/>\n3. Zagotowa\u0107 wod\u0119 z kostkami bulionowymi, wrzuci\u0107  makaron i ugotowa\u0107  al dente. Odcedzi\u0107.<br \/>\n4. Wymiesza\u0107 makaron z sosem i ugotowanym  broku\u0142em, posypa\u0107 start\u0105 sk\u00f3rk\u0105 cytrynow\u0105 i posiekanym tymiankiem.<\/p>\n","protected":false},"excerpt":{"rendered":"<p>? paczki makaronu \u015bwiderki, broku\u0142, 2 szklanki jogurtu naturalnego kremowego,10 dag mascarpone, p\u00f3\u0142 cytryny, 2 kostki bulionu, 3 z\u0105bki czosnku, ga\u0142\u0105zka tymianku, s\u00f3l, pieprz 1. Zetrze\u0107 sk\u00f3rk\u0119 z cytryny. Przygotowa\u0107 sos: zmiksowa\u0107 jogurt z mascarpone, sokiem cytrynowym przeci\u015bni\u0119tym przez prask\u0119 czosnkiem, sol\u0105 i pieprzem. 2. Broku\u0142 podzieli\u0107 na drobne r\u00f3\u017cyczki, wrzuci\u0107 do lekko osolonej wrz\u0105cej [&hellip;]<\/p>\n","protected":false},"author":2,"featured_media":0,"comment_status":"open","ping_status":"open","sticky":false,"template":"","format":"standard","meta":{"footnotes":""},"categories":[1],"tags":[],"_links":{"self":[{"href":"https:\/\/blog.polityka.pl\/adamczewski\/wp-json\/wp\/v2\/posts\/11401"}],"collection":[{"href":"https:\/\/blog.polityka.pl\/adamczewski\/wp-json\/wp\/v2\/posts"}],"about":[{"href":"https:\/\/blog.polityka.pl\/adamczewski\/wp-json\/wp\/v2\/types\/post"}],"author":[{"embeddable":true,"href":"https:\/\/blog.polityka.pl\/adamczewski\/wp-json\/wp\/v2\/users\/2"}],"replies":[{"embeddable":true,"href":"https:\/\/blog.polityka.pl\/adamczewski\/wp-json\/wp\/v2\/comments?post=11401"}],"version-history":[{"count":0,"href":"https:\/\/blog.polityka.pl\/adamczewski\/wp-json\/wp\/v2\/posts\/11401\/revisions"}],"wp:attachment":[{"href":"https:\/\/blog.polityka.pl\/adamczewski\/wp-json\/wp\/v2\/media?parent=11401"}],"wp:term":[{"taxonomy":"category","embeddable":true,"href":"https:\/\/blog.polityka.pl\/adamczewski\/wp-json\/wp\/v2\/categories?post=11401"},{"taxonomy":"post_tag","embeddable":true,"href":"https:\/\/blog.polityka.pl\/adamczewski\/wp-json\/wp\/v2\/tags?post=11401"}],"curies":[{"name":"wp","href":"https:\/\/api.w.org\/{rel}","templated":true}]}}