
{"id":11402,"date":"2013-07-18T15:10:08","date_gmt":"2013-07-18T14:10:08","guid":{"rendered":"http:\/\/adamczewscy.pl\/?p=4931"},"modified":"2013-07-18T15:10:08","modified_gmt":"2013-07-18T14:10:08","slug":"karkowka-na-grill","status":"publish","type":"post","link":"https:\/\/blog.polityka.pl\/adamczewski\/2013\/07\/18\/karkowka-na-grill\/","title":{"rendered":"Kark\u00f3wka na grill"},"content":{"rendered":"<p><em>1 kg kark\u00f3wki,1\/3 szklanki sosu sojowego, 3 \u0142y\u017cki miodu, 2 \u0142y\u017ceczki octu balsamicznego, 3 z\u0105bki czosnku, 2 ga\u0142\u0105zki bazylii, majeranek, pieprz<\/em><\/p>\n<p>1. Umyte i osuszone mi\u0119so pokroi\u0107 w plastry. Mo\u017cna bardzo lekko pobi\u0107 t\u0142uczkiem.<br \/>\n2. Wymiesza\u0107 sos sojowy z miodem i octem balsamicznym, przeci\u015bni\u0119tym przez prask\u0119 czosnkiem, po p\u00f3\u0142 \u0142y\u017ceczki majeranku i pieprzu mielonego oraz rozdrobnion\u0105 bazyli\u0105. Posmarowa\u0107 zapraw\u0105 plasterki mi\u0119so. Pozostawi\u0107  na co najmniej 2 godziny.<br \/>\n3. Przygotowa\u0107 grill ogrodowy lub w piekarniku, mi\u0119so wyj\u0119te z marynaty u\u0142o\u017cy\u0107 na kratce i piec (w piekarniku  w temperaturze  200 st. C)  po 10 minut z ka\u017cdej strony.<br \/>\nW czasie pieczenia polewa\u0107 kilka razy marynat\u0105.<\/p>\n","protected":false},"excerpt":{"rendered":"<p>1 kg kark\u00f3wki,1\/3 szklanki sosu sojowego, 3 \u0142y\u017cki miodu, 2 \u0142y\u017ceczki octu balsamicznego, 3 z\u0105bki czosnku, 2 ga\u0142\u0105zki bazylii, majeranek, pieprz 1. Umyte i osuszone mi\u0119so pokroi\u0107 w plastry. Mo\u017cna bardzo lekko pobi\u0107 t\u0142uczkiem. 2. Wymiesza\u0107 sos sojowy z miodem i octem balsamicznym, przeci\u015bni\u0119tym przez prask\u0119 czosnkiem, po p\u00f3\u0142 \u0142y\u017ceczki majeranku i pieprzu mielonego oraz [&hellip;]<\/p>\n","protected":false},"author":2,"featured_media":0,"comment_status":"open","ping_status":"open","sticky":false,"template":"","format":"standard","meta":{"footnotes":""},"categories":[1],"tags":[],"_links":{"self":[{"href":"https:\/\/blog.polityka.pl\/adamczewski\/wp-json\/wp\/v2\/posts\/11402"}],"collection":[{"href":"https:\/\/blog.polityka.pl\/adamczewski\/wp-json\/wp\/v2\/posts"}],"about":[{"href":"https:\/\/blog.polityka.pl\/adamczewski\/wp-json\/wp\/v2\/types\/post"}],"author":[{"embeddable":true,"href":"https:\/\/blog.polityka.pl\/adamczewski\/wp-json\/wp\/v2\/users\/2"}],"replies":[{"embeddable":true,"href":"https:\/\/blog.polityka.pl\/adamczewski\/wp-json\/wp\/v2\/comments?post=11402"}],"version-history":[{"count":0,"href":"https:\/\/blog.polityka.pl\/adamczewski\/wp-json\/wp\/v2\/posts\/11402\/revisions"}],"wp:attachment":[{"href":"https:\/\/blog.polityka.pl\/adamczewski\/wp-json\/wp\/v2\/media?parent=11402"}],"wp:term":[{"taxonomy":"category","embeddable":true,"href":"https:\/\/blog.polityka.pl\/adamczewski\/wp-json\/wp\/v2\/categories?post=11402"},{"taxonomy":"post_tag","embeddable":true,"href":"https:\/\/blog.polityka.pl\/adamczewski\/wp-json\/wp\/v2\/tags?post=11402"}],"curies":[{"name":"wp","href":"https:\/\/api.w.org\/{rel}","templated":true}]}}