
{"id":11403,"date":"2013-07-18T15:11:37","date_gmt":"2013-07-18T14:11:37","guid":{"rendered":"http:\/\/adamczewscy.pl\/?p=4933"},"modified":"2013-07-18T15:11:37","modified_gmt":"2013-07-18T14:11:37","slug":"kapusniak-letni","status":"publish","type":"post","link":"https:\/\/blog.polityka.pl\/adamczewski\/2013\/07\/18\/kapusniak-letni\/","title":{"rendered":"Kapu\u015bniak letni"},"content":{"rendered":"<p><em>Marchew, pietruszka, kawa\u0142ek (lub porcja roso\u0142owa) z kurczaka, ca\u0142a niedu\u017ca  lub p\u00f3\u0142 ma\u0142ej g\u0142\u00f3wki kapusty, 4-5 ziemniak\u00f3w, du\u017cy pomidor, sok z cytryny do smaku, s\u00f3l, pieprz<\/em><\/p>\n<p>1. Marchew, pietruszk\u0119 oraz kurczaka zala\u0107 3 szklankami wody, lekko posoli\u0107  i ugotowa\u0107 wywar. Mi\u0119kkie mi\u0119so wyj\u0105\u0107, pokroi\u0107 w kawa\u0142ki.<br \/>\n2. Kapust\u0119 poszatkowa\u0107, zala\u0107 wrz\u0105tkiem,  gotowa\u0107 10 minut ,po czym ods\u0105czy\u0107.<br \/>\n3. W wywarze z kurczaka   podgotowa\u0107 pokrojone w kostk\u0119 ziemniaki, po 10minutach doda\u0107 kapust\u0119. Kiedy wszystko b\u0119dzie mi\u0119kkie doda\u0107  pokrojony na kawa\u0142ki pomidor.<br \/>\n4. Zup\u0119 doprawi\u0107  sol\u0105 i pieprzem oraz sokiem cytrynowym.<\/p>\n","protected":false},"excerpt":{"rendered":"<p>Marchew, pietruszka, kawa\u0142ek (lub porcja roso\u0142owa) z kurczaka, ca\u0142a niedu\u017ca lub p\u00f3\u0142 ma\u0142ej g\u0142\u00f3wki kapusty, 4-5 ziemniak\u00f3w, du\u017cy pomidor, sok z cytryny do smaku, s\u00f3l, pieprz 1. Marchew, pietruszk\u0119 oraz kurczaka zala\u0107 3 szklankami wody, lekko posoli\u0107 i ugotowa\u0107 wywar. Mi\u0119kkie mi\u0119so wyj\u0105\u0107, pokroi\u0107 w kawa\u0142ki. 2. Kapust\u0119 poszatkowa\u0107, zala\u0107 wrz\u0105tkiem, gotowa\u0107 10 minut ,po [&hellip;]<\/p>\n","protected":false},"author":2,"featured_media":0,"comment_status":"open","ping_status":"open","sticky":false,"template":"","format":"standard","meta":{"footnotes":""},"categories":[1],"tags":[],"_links":{"self":[{"href":"https:\/\/blog.polityka.pl\/adamczewski\/wp-json\/wp\/v2\/posts\/11403"}],"collection":[{"href":"https:\/\/blog.polityka.pl\/adamczewski\/wp-json\/wp\/v2\/posts"}],"about":[{"href":"https:\/\/blog.polityka.pl\/adamczewski\/wp-json\/wp\/v2\/types\/post"}],"author":[{"embeddable":true,"href":"https:\/\/blog.polityka.pl\/adamczewski\/wp-json\/wp\/v2\/users\/2"}],"replies":[{"embeddable":true,"href":"https:\/\/blog.polityka.pl\/adamczewski\/wp-json\/wp\/v2\/comments?post=11403"}],"version-history":[{"count":0,"href":"https:\/\/blog.polityka.pl\/adamczewski\/wp-json\/wp\/v2\/posts\/11403\/revisions"}],"wp:attachment":[{"href":"https:\/\/blog.polityka.pl\/adamczewski\/wp-json\/wp\/v2\/media?parent=11403"}],"wp:term":[{"taxonomy":"category","embeddable":true,"href":"https:\/\/blog.polityka.pl\/adamczewski\/wp-json\/wp\/v2\/categories?post=11403"},{"taxonomy":"post_tag","embeddable":true,"href":"https:\/\/blog.polityka.pl\/adamczewski\/wp-json\/wp\/v2\/tags?post=11403"}],"curies":[{"name":"wp","href":"https:\/\/api.w.org\/{rel}","templated":true}]}}