
{"id":11406,"date":"2013-07-26T06:20:58","date_gmt":"2013-07-26T05:20:58","guid":{"rendered":"http:\/\/adamczewscy.pl\/?p=4950"},"modified":"2013-07-26T06:20:58","modified_gmt":"2013-07-26T05:20:58","slug":"kurczak-jogurtowy","status":"publish","type":"post","link":"https:\/\/blog.polityka.pl\/adamczewski\/2013\/07\/26\/kurczak-jogurtowy\/","title":{"rendered":"Kurczak jogurtowy"},"content":{"rendered":"<p><em>Podw\u00f3jna pier\u015b z kurczaka, 2 \u0142y\u017cki oleju, szklanka jogurtu naturalnego, 2 cebule, z\u0105bek czosnku, 2 \u0142y\u017ceczki przyprawy curry, s\u00f3l<\/em><\/p>\n<p>1. Obran\u0105 cebul\u0119 i czosnek drobno posieka\u0107 i podsma\u017cy\u0107 na rozgrzanym na patelni oleju. Ostudzi\u0107.<br \/>\n2. Do podsma\u017conej cebuli i czosnku doda\u0107 jogurt naturalny, curry i s\u00f3l. Wymiesza\u0107.<br \/>\n3. Mi\u0119so pokroi\u0107 w paski i wymiesza\u0107 z sosem jogurtowym, odstawi\u0107 na co najmniej 30 minut.<br \/>\n4. W garnku dusi\u0107 mi\u0119so w jogurcie do zupe\u0142nej mi\u0119kko\u015bci.<br \/>\nPodawa\u0107 z kasz\u0105, ry\u017cem lub makaronem. <\/p>\n","protected":false},"excerpt":{"rendered":"<p>Podw\u00f3jna pier\u015b z kurczaka, 2 \u0142y\u017cki oleju, szklanka jogurtu naturalnego, 2 cebule, z\u0105bek czosnku, 2 \u0142y\u017ceczki przyprawy curry, s\u00f3l 1. Obran\u0105 cebul\u0119 i czosnek drobno posieka\u0107 i podsma\u017cy\u0107 na rozgrzanym na patelni oleju. Ostudzi\u0107. 2. Do podsma\u017conej cebuli i czosnku doda\u0107 jogurt naturalny, curry i s\u00f3l. Wymiesza\u0107. 3. Mi\u0119so pokroi\u0107 w paski i wymiesza\u0107 z [&hellip;]<\/p>\n","protected":false},"author":2,"featured_media":0,"comment_status":"open","ping_status":"open","sticky":false,"template":"","format":"standard","meta":{"footnotes":""},"categories":[1],"tags":[],"_links":{"self":[{"href":"https:\/\/blog.polityka.pl\/adamczewski\/wp-json\/wp\/v2\/posts\/11406"}],"collection":[{"href":"https:\/\/blog.polityka.pl\/adamczewski\/wp-json\/wp\/v2\/posts"}],"about":[{"href":"https:\/\/blog.polityka.pl\/adamczewski\/wp-json\/wp\/v2\/types\/post"}],"author":[{"embeddable":true,"href":"https:\/\/blog.polityka.pl\/adamczewski\/wp-json\/wp\/v2\/users\/2"}],"replies":[{"embeddable":true,"href":"https:\/\/blog.polityka.pl\/adamczewski\/wp-json\/wp\/v2\/comments?post=11406"}],"version-history":[{"count":0,"href":"https:\/\/blog.polityka.pl\/adamczewski\/wp-json\/wp\/v2\/posts\/11406\/revisions"}],"wp:attachment":[{"href":"https:\/\/blog.polityka.pl\/adamczewski\/wp-json\/wp\/v2\/media?parent=11406"}],"wp:term":[{"taxonomy":"category","embeddable":true,"href":"https:\/\/blog.polityka.pl\/adamczewski\/wp-json\/wp\/v2\/categories?post=11406"},{"taxonomy":"post_tag","embeddable":true,"href":"https:\/\/blog.polityka.pl\/adamczewski\/wp-json\/wp\/v2\/tags?post=11406"}],"curies":[{"name":"wp","href":"https:\/\/api.w.org\/{rel}","templated":true}]}}