
{"id":11407,"date":"2013-07-26T06:21:47","date_gmt":"2013-07-26T05:21:47","guid":{"rendered":"http:\/\/adamczewscy.pl\/?p=4952"},"modified":"2013-07-26T06:21:47","modified_gmt":"2013-07-26T05:21:47","slug":"kulki-mielone","status":"publish","type":"post","link":"https:\/\/blog.polityka.pl\/adamczewski\/2013\/07\/26\/kulki-mielone\/","title":{"rendered":"Kulki mielone"},"content":{"rendered":"<p><em>60 dag mielonej ciel\u0119ciny, 2 jajka, czerstwa bu\u0142ka, marchew, szalotka, z\u0105bek czosnku, 2 \u0142y\u017cki posiekanej zielonej pietruszki, \u0142y\u017cka ostrej musztardy, \u0142y\u017cka keczupu, 2 \u0142y\u017cki tartej bu\u0142ki, 6 \u0142y\u017cek oleju, szczypta pieprzu cayenne, czarny pieprz, s\u00f3l<\/em><\/p>\n<p>1. Bu\u0142k\u0119 namoczy\u0107 w niewielkiej ilo\u015bci ciep\u0142ej wody.<br \/>\n2. Marchew zetrze\u0107 na tarce, czosnek przecisn\u0105\u0107 przez prask\u0119, szalotk\u0119 posieka\u0107.<br \/>\n3. Na oleju podsma\u017cy\u0107 kilka minut szalotk\u0119, czosnek i marchew, doda\u0107 zielon\u0105 pietruszk\u0119 i ostudzi\u0107.<br \/>\n4. Wymiesza\u0107 podsma\u017cone warzywa z mi\u0119sem, rozdrobnion\u0105 namoczon\u0105 bu\u0142k\u0105, jajkami i musztard\u0105, doprawi\u0107 mas\u0119 pieprzem cayenne, czarnym pieprzem i sol\u0105.<br \/>\n5. Rozgrza\u0107 na g\u0142\u0119bokiej patelni olej. Formowa\u0107 niewielkie kulki i sma\u017cy\u0107 na gor\u0105cym oleju. <\/p>\n","protected":false},"excerpt":{"rendered":"<p>60 dag mielonej ciel\u0119ciny, 2 jajka, czerstwa bu\u0142ka, marchew, szalotka, z\u0105bek czosnku, 2 \u0142y\u017cki posiekanej zielonej pietruszki, \u0142y\u017cka ostrej musztardy, \u0142y\u017cka keczupu, 2 \u0142y\u017cki tartej bu\u0142ki, 6 \u0142y\u017cek oleju, szczypta pieprzu cayenne, czarny pieprz, s\u00f3l 1. Bu\u0142k\u0119 namoczy\u0107 w niewielkiej ilo\u015bci ciep\u0142ej wody. 2. Marchew zetrze\u0107 na tarce, czosnek przecisn\u0105\u0107 przez prask\u0119, szalotk\u0119 posieka\u0107. 3. [&hellip;]<\/p>\n","protected":false},"author":2,"featured_media":0,"comment_status":"open","ping_status":"open","sticky":false,"template":"","format":"standard","meta":{"footnotes":""},"categories":[1],"tags":[],"_links":{"self":[{"href":"https:\/\/blog.polityka.pl\/adamczewski\/wp-json\/wp\/v2\/posts\/11407"}],"collection":[{"href":"https:\/\/blog.polityka.pl\/adamczewski\/wp-json\/wp\/v2\/posts"}],"about":[{"href":"https:\/\/blog.polityka.pl\/adamczewski\/wp-json\/wp\/v2\/types\/post"}],"author":[{"embeddable":true,"href":"https:\/\/blog.polityka.pl\/adamczewski\/wp-json\/wp\/v2\/users\/2"}],"replies":[{"embeddable":true,"href":"https:\/\/blog.polityka.pl\/adamczewski\/wp-json\/wp\/v2\/comments?post=11407"}],"version-history":[{"count":0,"href":"https:\/\/blog.polityka.pl\/adamczewski\/wp-json\/wp\/v2\/posts\/11407\/revisions"}],"wp:attachment":[{"href":"https:\/\/blog.polityka.pl\/adamczewski\/wp-json\/wp\/v2\/media?parent=11407"}],"wp:term":[{"taxonomy":"category","embeddable":true,"href":"https:\/\/blog.polityka.pl\/adamczewski\/wp-json\/wp\/v2\/categories?post=11407"},{"taxonomy":"post_tag","embeddable":true,"href":"https:\/\/blog.polityka.pl\/adamczewski\/wp-json\/wp\/v2\/tags?post=11407"}],"curies":[{"name":"wp","href":"https:\/\/api.w.org\/{rel}","templated":true}]}}