
{"id":11409,"date":"2013-07-26T06:26:59","date_gmt":"2013-07-26T05:26:59","guid":{"rendered":"http:\/\/adamczewscy.pl\/?p=4956"},"modified":"2013-07-26T06:26:59","modified_gmt":"2013-07-26T05:26:59","slug":"indyk-z-owocami","status":"publish","type":"post","link":"https:\/\/blog.polityka.pl\/adamczewski\/2013\/07\/26\/indyk-z-owocami\/","title":{"rendered":"Indyk z owocami"},"content":{"rendered":"<p><em>1 kg filetu z piersi indyka, po 1 kg jab\u0142ek, gruszek i banan\u00f3w, 8 -10 suszonych \u015bliwek bez pestek, 4 \u0142y\u017cki oleju, 2 cebule, 2 \u0142y\u017cki posiekanej zielonej pietruszki, spora szczypta mielonego imbiru, s\u00f3l, pieprz<\/em><\/p>\n<p>1. Mi\u0119so umy\u0107, osuszy\u0107 kuchenn\u0105 papierow\u0105 \u015bciereczk\u0105 i podsma\u017cy\u0107 ze wszystkich stron na rozgrzanym oleju.<br \/>\n2. Na tym samym t\u0142uszczu posiekan\u0105 cebul\u0119 podsma\u017cy\u0107 na z\u0142oto . doda\u0107 posiekana zielon\u0105 pietruszk\u0119 i wymiesza\u0107, doda\u0107 podsma\u017cone mi\u0119so i podla\u0107 szklank\u0105 wody, doda\u0107 imbir, s\u00f3l i pieprz.<br \/>\n3. Dusi\u0107 mi\u0119so pod przykryciem oko\u0142o 45 minut.<br \/>\n4. Po tym czasie doda\u0107 pokrojone w kostk\u0119 owoce i dusi\u0107 razem a\u017c owoce zmi\u0119kn\u0105.<br \/>\nPodawa\u0107 z ry\u017cem na sypko. <\/p>\n","protected":false},"excerpt":{"rendered":"<p>1 kg filetu z piersi indyka, po 1 kg jab\u0142ek, gruszek i banan\u00f3w, 8 -10 suszonych \u015bliwek bez pestek, 4 \u0142y\u017cki oleju, 2 cebule, 2 \u0142y\u017cki posiekanej zielonej pietruszki, spora szczypta mielonego imbiru, s\u00f3l, pieprz 1. Mi\u0119so umy\u0107, osuszy\u0107 kuchenn\u0105 papierow\u0105 \u015bciereczk\u0105 i podsma\u017cy\u0107 ze wszystkich stron na rozgrzanym oleju. 2. Na tym samym t\u0142uszczu [&hellip;]<\/p>\n","protected":false},"author":2,"featured_media":0,"comment_status":"open","ping_status":"open","sticky":false,"template":"","format":"standard","meta":{"footnotes":""},"categories":[1],"tags":[],"_links":{"self":[{"href":"https:\/\/blog.polityka.pl\/adamczewski\/wp-json\/wp\/v2\/posts\/11409"}],"collection":[{"href":"https:\/\/blog.polityka.pl\/adamczewski\/wp-json\/wp\/v2\/posts"}],"about":[{"href":"https:\/\/blog.polityka.pl\/adamczewski\/wp-json\/wp\/v2\/types\/post"}],"author":[{"embeddable":true,"href":"https:\/\/blog.polityka.pl\/adamczewski\/wp-json\/wp\/v2\/users\/2"}],"replies":[{"embeddable":true,"href":"https:\/\/blog.polityka.pl\/adamczewski\/wp-json\/wp\/v2\/comments?post=11409"}],"version-history":[{"count":0,"href":"https:\/\/blog.polityka.pl\/adamczewski\/wp-json\/wp\/v2\/posts\/11409\/revisions"}],"wp:attachment":[{"href":"https:\/\/blog.polityka.pl\/adamczewski\/wp-json\/wp\/v2\/media?parent=11409"}],"wp:term":[{"taxonomy":"category","embeddable":true,"href":"https:\/\/blog.polityka.pl\/adamczewski\/wp-json\/wp\/v2\/categories?post=11409"},{"taxonomy":"post_tag","embeddable":true,"href":"https:\/\/blog.polityka.pl\/adamczewski\/wp-json\/wp\/v2\/tags?post=11409"}],"curies":[{"name":"wp","href":"https:\/\/api.w.org\/{rel}","templated":true}]}}