
{"id":11410,"date":"2013-08-01T14:42:33","date_gmt":"2013-08-01T13:42:33","guid":{"rendered":"http:\/\/adamczewscy.pl\/?p=4963"},"modified":"2013-08-01T14:42:33","modified_gmt":"2013-08-01T13:42:33","slug":"brownie-z-orzechami","status":"publish","type":"post","link":"https:\/\/blog.polityka.pl\/adamczewski\/2013\/08\/01\/brownie-z-orzechami\/","title":{"rendered":"Brownie z orzechami"},"content":{"rendered":"<p><em>20 dag mas\u0142a, 20 dag gorzkiej czekolady, 6 jaj, 1,5 szklanki cukru, 1\/2  szklanki m\u0105ki, 1\/2 szklanki \u0142uskanych, pokruszonych orzech\u00f3w w\u0142oskich<\/em><\/p>\n<p>1. W nastawionej na niezbyt du\u017c\u0105 moc grzania kuchence mikrofalowej rozpu\u015bci\u0107 mas\u0142o z pokruszon\u0105 czekolad\u0105, starannie wymiesza\u0107.<br \/>\n2. Ca\u0142e jajka ubi\u0107 mikserem dodaj\u0105c stopniowo cukier i m\u0105k\u0119, na koniec dodawa\u0107 po trochu ostudzon\u0105 czekolad\u0119 z mas\u0142em i na koniec pokruszone orzechy.<br \/>\n3. Blaszk\u0119 o wymiarach 26&#215;21 cm wy\u0142o\u017cy\u0107 papierem pergaminowym do pieczenia i  wla\u0107 ciasto.<br \/>\n4. W piekarniku nagrzanym do temperatury 200 st. C piec ciasto 25 minut. Kiedy wystygnie &#8211; pokroi\u0107.<\/p>\n","protected":false},"excerpt":{"rendered":"<p>20 dag mas\u0142a, 20 dag gorzkiej czekolady, 6 jaj, 1,5 szklanki cukru, 1\/2 szklanki m\u0105ki, 1\/2 szklanki \u0142uskanych, pokruszonych orzech\u00f3w w\u0142oskich 1. W nastawionej na niezbyt du\u017c\u0105 moc grzania kuchence mikrofalowej rozpu\u015bci\u0107 mas\u0142o z pokruszon\u0105 czekolad\u0105, starannie wymiesza\u0107. 2. Ca\u0142e jajka ubi\u0107 mikserem dodaj\u0105c stopniowo cukier i m\u0105k\u0119, na koniec dodawa\u0107 po trochu ostudzon\u0105 czekolad\u0119 [&hellip;]<\/p>\n","protected":false},"author":2,"featured_media":0,"comment_status":"open","ping_status":"open","sticky":false,"template":"","format":"standard","meta":{"footnotes":""},"categories":[1],"tags":[],"_links":{"self":[{"href":"https:\/\/blog.polityka.pl\/adamczewski\/wp-json\/wp\/v2\/posts\/11410"}],"collection":[{"href":"https:\/\/blog.polityka.pl\/adamczewski\/wp-json\/wp\/v2\/posts"}],"about":[{"href":"https:\/\/blog.polityka.pl\/adamczewski\/wp-json\/wp\/v2\/types\/post"}],"author":[{"embeddable":true,"href":"https:\/\/blog.polityka.pl\/adamczewski\/wp-json\/wp\/v2\/users\/2"}],"replies":[{"embeddable":true,"href":"https:\/\/blog.polityka.pl\/adamczewski\/wp-json\/wp\/v2\/comments?post=11410"}],"version-history":[{"count":0,"href":"https:\/\/blog.polityka.pl\/adamczewski\/wp-json\/wp\/v2\/posts\/11410\/revisions"}],"wp:attachment":[{"href":"https:\/\/blog.polityka.pl\/adamczewski\/wp-json\/wp\/v2\/media?parent=11410"}],"wp:term":[{"taxonomy":"category","embeddable":true,"href":"https:\/\/blog.polityka.pl\/adamczewski\/wp-json\/wp\/v2\/categories?post=11410"},{"taxonomy":"post_tag","embeddable":true,"href":"https:\/\/blog.polityka.pl\/adamczewski\/wp-json\/wp\/v2\/tags?post=11410"}],"curies":[{"name":"wp","href":"https:\/\/api.w.org\/{rel}","templated":true}]}}