
{"id":11413,"date":"2013-08-01T14:46:18","date_gmt":"2013-08-01T13:46:18","guid":{"rendered":"http:\/\/adamczewscy.pl\/?p=4969"},"modified":"2013-08-01T14:46:18","modified_gmt":"2013-08-01T13:46:18","slug":"jagniecina-z-szalotkami","status":"publish","type":"post","link":"https:\/\/blog.polityka.pl\/adamczewski\/2013\/08\/01\/jagniecina-z-szalotkami\/","title":{"rendered":"Jagni\u0119cina z szalotkami"},"content":{"rendered":"<p><em>40 dag pol\u0119dwiczek jagni\u0119cych, 15 dag szalotek, 4 z\u0105bki czosnku, 2 \u0142y\u017cki sherry, \u0142y\u017cka p\u0142ynnego miodu, \u0142y\u017ceczka  oleju sezamowego, 2 &#8211; 3 \u0142y\u017cki oleju do sma\u017cenia<br \/>\nNa marynat\u0119: \u0142y\u017cka m\u0105ki kukurydzianej, szczypta soli, 1,5 \u0142y\u017cki sosu sojowego, 2 \u0142y\u017cki oleju<\/em><\/p>\n<p>1. Pol\u0119dwiczki pokroi\u0107 w kostk\u0119 o boku 2 &#8211; 3 cm. Czosnek posieka\u0107 drobno, cebulki obra\u0107 i pokroi\u0107.<br \/>\n2. Wymiesza\u0107 mi\u0119so i sk\u0142adniki marynaty, odstawi\u0107 na 15 minut.<br \/>\n3. Rozgrza\u0107 olej i sma\u017cy\u0107 na nim 3 minuty, ci\u0105gle mieszaj\u0105c mi\u0119so i posiekany czosnek, doda\u0107 cebulki i sma\u017cy\u0107 do zeszklenia, doda\u0107 mi\u00f3d i sherry, sma\u017cy\u0107 dalsze 2 minuty.<br \/>\n4. Na koniec doda\u0107 olej sezamowy i wymiesza\u0107  potraw\u0119 raz  jeszcze.<br \/>\nPodawa\u0107 danie z ry\u017cem.<\/p>\n","protected":false},"excerpt":{"rendered":"<p>40 dag pol\u0119dwiczek jagni\u0119cych, 15 dag szalotek, 4 z\u0105bki czosnku, 2 \u0142y\u017cki sherry, \u0142y\u017cka p\u0142ynnego miodu, \u0142y\u017ceczka oleju sezamowego, 2 &#8211; 3 \u0142y\u017cki oleju do sma\u017cenia Na marynat\u0119: \u0142y\u017cka m\u0105ki kukurydzianej, szczypta soli, 1,5 \u0142y\u017cki sosu sojowego, 2 \u0142y\u017cki oleju 1. Pol\u0119dwiczki pokroi\u0107 w kostk\u0119 o boku 2 &#8211; 3 cm. Czosnek posieka\u0107 drobno, cebulki [&hellip;]<\/p>\n","protected":false},"author":2,"featured_media":0,"comment_status":"open","ping_status":"open","sticky":false,"template":"","format":"standard","meta":{"footnotes":""},"categories":[1],"tags":[],"_links":{"self":[{"href":"https:\/\/blog.polityka.pl\/adamczewski\/wp-json\/wp\/v2\/posts\/11413"}],"collection":[{"href":"https:\/\/blog.polityka.pl\/adamczewski\/wp-json\/wp\/v2\/posts"}],"about":[{"href":"https:\/\/blog.polityka.pl\/adamczewski\/wp-json\/wp\/v2\/types\/post"}],"author":[{"embeddable":true,"href":"https:\/\/blog.polityka.pl\/adamczewski\/wp-json\/wp\/v2\/users\/2"}],"replies":[{"embeddable":true,"href":"https:\/\/blog.polityka.pl\/adamczewski\/wp-json\/wp\/v2\/comments?post=11413"}],"version-history":[{"count":0,"href":"https:\/\/blog.polityka.pl\/adamczewski\/wp-json\/wp\/v2\/posts\/11413\/revisions"}],"wp:attachment":[{"href":"https:\/\/blog.polityka.pl\/adamczewski\/wp-json\/wp\/v2\/media?parent=11413"}],"wp:term":[{"taxonomy":"category","embeddable":true,"href":"https:\/\/blog.polityka.pl\/adamczewski\/wp-json\/wp\/v2\/categories?post=11413"},{"taxonomy":"post_tag","embeddable":true,"href":"https:\/\/blog.polityka.pl\/adamczewski\/wp-json\/wp\/v2\/tags?post=11413"}],"curies":[{"name":"wp","href":"https:\/\/api.w.org\/{rel}","templated":true}]}}