
{"id":11414,"date":"2013-08-01T14:47:21","date_gmt":"2013-08-01T13:47:21","guid":{"rendered":"http:\/\/adamczewscy.pl\/?p=4971"},"modified":"2013-08-01T14:47:21","modified_gmt":"2013-08-01T13:47:21","slug":"filet-kurczecy-w-sosie-smietanowym","status":"publish","type":"post","link":"https:\/\/blog.polityka.pl\/adamczewski\/2013\/08\/01\/filet-kurczecy-w-sosie-smietanowym\/","title":{"rendered":"Filet kurcz\u0119cy w sosie \u015bmietanowym"},"content":{"rendered":"<p><em>Ok. 60 dag filetu z piersi kurcz\u0119cej, 3 \u0142y\u017cki mas\u0142a, \u0142y\u017cka oleju, s\u00f3l, pieprz, 3 \u0142y\u017cki drobno posiekanych oliwek, por, 8 suszonych \u015bliwek bez pestek, \u0142y\u017cka m\u0105ki, szklanka \u015bmietany, 3 \u0142y\u017cki startego \u017c\u00f3\u0142tego sera<\/em><\/p>\n<p>1. Pokroi\u0107 mi\u0119so  na kawa\u0142ki wielko\u015bci pude\u0142ka zapa\u0142ek, lekko posoli\u0107 i obsma\u017cy\u0107 na ma\u015ble z olejem ze wszystkich stron. Zdj\u0105\u0107 z patelni.<br \/>\n2. Na t\u0142uszcz ze sma\u017cenia wrzuci\u0107 pokrojony por, oliwki oraz \u015bliwki &#8211;  sma\u017cy\u0107 chwil\u0119, posypa\u0107 m\u0105k\u0105, zrumieni\u0107 i doda\u0107 \u015bmietan\u0119. Gotowa\u0107, a\u017c sos zg\u0119stnieje, doprawi\u0107 sol\u0105 i pieprzem, odstawi\u0107  z ognia i mieszaj\u0105c doda\u0107 starty \u017c\u00f3\u0142ty ser.<br \/>\n3. U\u0142o\u017cy\u0107 podsma\u017cone mi\u0119so w naczyniu do zapiekania, pola\u0107 sosem i pod przykryciem zapieka\u0107   w piekarniku w temperaturze 210 st. C oko\u0142o 15 minut.<br \/>\nPodawa\u0107 z ry\u017cem.<\/p>\n","protected":false},"excerpt":{"rendered":"<p>Ok. 60 dag filetu z piersi kurcz\u0119cej, 3 \u0142y\u017cki mas\u0142a, \u0142y\u017cka oleju, s\u00f3l, pieprz, 3 \u0142y\u017cki drobno posiekanych oliwek, por, 8 suszonych \u015bliwek bez pestek, \u0142y\u017cka m\u0105ki, szklanka \u015bmietany, 3 \u0142y\u017cki startego \u017c\u00f3\u0142tego sera 1. Pokroi\u0107 mi\u0119so na kawa\u0142ki wielko\u015bci pude\u0142ka zapa\u0142ek, lekko posoli\u0107 i obsma\u017cy\u0107 na ma\u015ble z olejem ze wszystkich stron. Zdj\u0105\u0107 z [&hellip;]<\/p>\n","protected":false},"author":2,"featured_media":0,"comment_status":"open","ping_status":"open","sticky":false,"template":"","format":"standard","meta":{"footnotes":""},"categories":[1],"tags":[],"_links":{"self":[{"href":"https:\/\/blog.polityka.pl\/adamczewski\/wp-json\/wp\/v2\/posts\/11414"}],"collection":[{"href":"https:\/\/blog.polityka.pl\/adamczewski\/wp-json\/wp\/v2\/posts"}],"about":[{"href":"https:\/\/blog.polityka.pl\/adamczewski\/wp-json\/wp\/v2\/types\/post"}],"author":[{"embeddable":true,"href":"https:\/\/blog.polityka.pl\/adamczewski\/wp-json\/wp\/v2\/users\/2"}],"replies":[{"embeddable":true,"href":"https:\/\/blog.polityka.pl\/adamczewski\/wp-json\/wp\/v2\/comments?post=11414"}],"version-history":[{"count":0,"href":"https:\/\/blog.polityka.pl\/adamczewski\/wp-json\/wp\/v2\/posts\/11414\/revisions"}],"wp:attachment":[{"href":"https:\/\/blog.polityka.pl\/adamczewski\/wp-json\/wp\/v2\/media?parent=11414"}],"wp:term":[{"taxonomy":"category","embeddable":true,"href":"https:\/\/blog.polityka.pl\/adamczewski\/wp-json\/wp\/v2\/categories?post=11414"},{"taxonomy":"post_tag","embeddable":true,"href":"https:\/\/blog.polityka.pl\/adamczewski\/wp-json\/wp\/v2\/tags?post=11414"}],"curies":[{"name":"wp","href":"https:\/\/api.w.org\/{rel}","templated":true}]}}